{"id":159,"date":"2020-05-06T07:58:24","date_gmt":"2020-05-06T05:58:24","guid":{"rendered":"http:\/\/www.blaues-band.de\/blog\/?p=159"},"modified":"2020-05-18T08:04:36","modified_gmt":"2020-05-18T06:04:36","slug":"teil-oeffnung-der-campingplaetze-in-sachsen-anhalt","status":"publish","type":"post","link":"https:\/\/www.blaues-band.de\/blog\/teil-oeffnung-der-campingplaetze-in-sachsen-anhalt\/","title":{"rendered":"(Teil-) \u00d6ffnung der Campingpl\u00e4tze in Sachsen-Anhalt"},"content":{"rendered":"<div id=\"js_1kk\" class=\"_5pbx userContent _3576\" data-testid=\"post_message\" data-ft=\"{&quot;tn&quot;:&quot;K&quot;}\">\n<p>Ein n\u00e4chster Schritt in Richtung Erleichterungen. Ab 15. Mai werden die Campingpl\u00e4tze in Sachsen-Anhalt f\u00fcr Reisemobile und Wohnwagen mit autarker Versorgung f\u00fcr Einheimische ge\u00f6ffnet.<br \/>\n<!--more--><\/p>\n<p>Foto: (c) J.Kruse (Agentur GMS) f\u00fcr Blaues Band e.V.<\/p>\n<figure id=\"attachment_160\" aria-describedby=\"caption-attachment-160\" style=\"width: 683px\" class=\"wp-caption alignnone\"><img loading=\"lazy\" class=\"size-large wp-image-160 lazyload\" data-src=\"https:\/\/www.blaues-band.de\/blog\/wp-content\/uploads\/2020\/05\/95620496_2960731570682388_5738603261288513536_o-683x1024.jpg\" alt=\"Wohnwagen an der Unstrut\" width=\"683\" height=\"1024\" data-srcset=\"https:\/\/www.blaues-band.de\/blog\/wp-content\/uploads\/2020\/05\/95620496_2960731570682388_5738603261288513536_o-683x1024.jpg 683w, https:\/\/www.blaues-band.de\/blog\/wp-content\/uploads\/2020\/05\/95620496_2960731570682388_5738603261288513536_o-200x300.jpg 200w, https:\/\/www.blaues-band.de\/blog\/wp-content\/uploads\/2020\/05\/95620496_2960731570682388_5738603261288513536_o-768x1152.jpg 768w, https:\/\/www.blaues-band.de\/blog\/wp-content\/uploads\/2020\/05\/95620496_2960731570682388_5738603261288513536_o.jpg 960w\" data-sizes=\"(max-width: 683px) 100vw, 683px\" src=\"data:image\/gif;base64,R0lGODlhAQABAAAAACH5BAEKAAEALAAAAAABAAEAAAICTAEAOw==\" style=\"--smush-placeholder-width: 683px; --smush-placeholder-aspect-ratio: 683\/1024;\" \/><noscript><img loading=\"lazy\" class=\"size-large wp-image-160\" src=\"https:\/\/www.blaues-band.de\/blog\/wp-content\/uploads\/2020\/05\/95620496_2960731570682388_5738603261288513536_o-683x1024.jpg\" alt=\"Wohnwagen an der Unstrut\" width=\"683\" height=\"1024\" srcset=\"https:\/\/www.blaues-band.de\/blog\/wp-content\/uploads\/2020\/05\/95620496_2960731570682388_5738603261288513536_o-683x1024.jpg 683w, https:\/\/www.blaues-band.de\/blog\/wp-content\/uploads\/2020\/05\/95620496_2960731570682388_5738603261288513536_o-200x300.jpg 200w, https:\/\/www.blaues-band.de\/blog\/wp-content\/uploads\/2020\/05\/95620496_2960731570682388_5738603261288513536_o-768x1152.jpg 768w, https:\/\/www.blaues-band.de\/blog\/wp-content\/uploads\/2020\/05\/95620496_2960731570682388_5738603261288513536_o.jpg 960w\" sizes=\"(max-width: 683px) 100vw, 683px\" \/><\/noscript><figcaption id=\"caption-attachment-160\" class=\"wp-caption-text\">Wohnwagen an der Unstrut Foto: (c) J.Kruse (Agentur GMS) f\u00fcr Blaues Band e.V.<\/figcaption><\/figure>\n<\/div>\n","protected":false},"excerpt":{"rendered":"<p>Ein n\u00e4chster Schritt in Richtung Erleichterungen. Ab 15. Mai werden die Campingpl\u00e4tze in Sachsen-Anhalt f\u00fcr Reisemobile und Wohnwagen mit autarker<\/p>\n","protected":false},"author":1,"featured_media":160,"comment_status":"closed","ping_status":"open","sticky":false,"template":"","format":"standard","meta":[],"categories":[3,2],"tags":[57,6],"yoast_head":"<!-- This site is optimized with the Yoast SEO plugin v20.6 - https:\/\/yoast.com\/wordpress\/plugins\/seo\/ -->\n<title>(Teil-) \u00d6ffnung der Campingpl\u00e4tze in Sachsen-Anhalt - Blaues Band<\/title>\n<meta name=\"description\" content=\"Ein n\u00e4chster Schritt in Richtung Erleichterungen. Ab 15. Mai werden die Campingpl\u00e4tze in Sachsen-Anhalt f\u00fcr Reisemobile und Wohnwagen mit autarker Versorgung f\u00fcr Einheimische ge\u00f6ffnet.\" \/>\n<meta name=\"robots\" content=\"index, follow, max-snippet:-1, max-image-preview:large, max-video-preview:-1\" \/>\n<link rel=\"canonical\" href=\"https:\/\/www.blaues-band.de\/blog\/teil-oeffnung-der-campingplaetze-in-sachsen-anhalt\/\" \/>\n<meta property=\"og:locale\" content=\"de_DE\" \/>\n<meta property=\"og:type\" content=\"article\" \/>\n<meta property=\"og:title\" content=\"(Teil-) \u00d6ffnung der Campingpl\u00e4tze in Sachsen-Anhalt - Blaues Band\" \/>\n<meta property=\"og:description\" content=\"Ein n\u00e4chster Schritt in Richtung Erleichterungen. Ab 15. Mai werden die Campingpl\u00e4tze in Sachsen-Anhalt f\u00fcr Reisemobile und Wohnwagen mit autarker Versorgung f\u00fcr Einheimische ge\u00f6ffnet.\" \/>\n<meta property=\"og:url\" content=\"https:\/\/www.blaues-band.de\/blog\/teil-oeffnung-der-campingplaetze-in-sachsen-anhalt\/\" \/>\n<meta property=\"og:site_name\" content=\"Blaues Band\" \/>\n<meta property=\"article:publisher\" content=\"https:\/\/www.facebook.com\/BlauesBand\" \/>\n<meta property=\"article:published_time\" content=\"2020-05-06T05:58:24+00:00\" \/>\n<meta property=\"article:modified_time\" content=\"2020-05-18T06:04:36+00:00\" \/>\n<meta property=\"og:image\" content=\"https:\/\/www.blaues-band.de\/blog\/wp-content\/uploads\/2020\/05\/95620496_2960731570682388_5738603261288513536_o.jpg\" \/>\n\t<meta property=\"og:image:width\" content=\"960\" \/>\n\t<meta property=\"og:image:height\" content=\"1440\" \/>\n\t<meta property=\"og:image:type\" content=\"image\/jpeg\" \/>\n<meta name=\"author\" content=\"BBOlliAdmin\" \/>\n<meta name=\"twitter:card\" content=\"summary_large_image\" \/>\n<meta name=\"twitter:creator\" content=\"@blaues_band\" \/>\n<meta name=\"twitter:site\" content=\"@blaues_band\" \/>\n<meta name=\"twitter:label1\" content=\"Verfasst von\" \/>\n\t<meta name=\"twitter:data1\" content=\"BBOlliAdmin\" \/>\n<script type=\"application\/ld+json\" class=\"yoast-schema-graph\">{\"@context\":\"https:\/\/schema.org\",\"@graph\":[{\"@type\":\"Article\",\"@id\":\"https:\/\/www.blaues-band.de\/blog\/teil-oeffnung-der-campingplaetze-in-sachsen-anhalt\/#article\",\"isPartOf\":{\"@id\":\"https:\/\/www.blaues-band.de\/blog\/teil-oeffnung-der-campingplaetze-in-sachsen-anhalt\/\"},\"author\":{\"name\":\"BBOlliAdmin\",\"@id\":\"https:\/\/www.blaues-band.de\/blog\/#\/schema\/person\/819f103ef524c4ae43af25585694f03f\"},\"headline\":\"(Teil-) \u00d6ffnung der Campingpl\u00e4tze in Sachsen-Anhalt\",\"datePublished\":\"2020-05-06T05:58:24+00:00\",\"dateModified\":\"2020-05-18T06:04:36+00:00\",\"mainEntityOfPage\":{\"@id\":\"https:\/\/www.blaues-band.de\/blog\/teil-oeffnung-der-campingplaetze-in-sachsen-anhalt\/\"},\"wordCount\":70,\"publisher\":{\"@id\":\"https:\/\/www.blaues-band.de\/blog\/#organization\"},\"keywords\":[\"Campingplatz\",\"Sachsen-Anhalt\"],\"articleSection\":[\"Radtourismus\",\"Wassertourismus\"],\"inLanguage\":\"de\"},{\"@type\":\"WebPage\",\"@id\":\"https:\/\/www.blaues-band.de\/blog\/teil-oeffnung-der-campingplaetze-in-sachsen-anhalt\/\",\"url\":\"https:\/\/www.blaues-band.de\/blog\/teil-oeffnung-der-campingplaetze-in-sachsen-anhalt\/\",\"name\":\"(Teil-) \u00d6ffnung der Campingpl\u00e4tze in Sachsen-Anhalt - Blaues Band\",\"isPartOf\":{\"@id\":\"https:\/\/www.blaues-band.de\/blog\/#website\"},\"datePublished\":\"2020-05-06T05:58:24+00:00\",\"dateModified\":\"2020-05-18T06:04:36+00:00\",\"description\":\"Ein n\u00e4chster Schritt in Richtung Erleichterungen. Ab 15. Mai werden die Campingpl\u00e4tze in Sachsen-Anhalt f\u00fcr Reisemobile und Wohnwagen mit autarker Versorgung f\u00fcr Einheimische ge\u00f6ffnet.\",\"breadcrumb\":{\"@id\":\"https:\/\/www.blaues-band.de\/blog\/teil-oeffnung-der-campingplaetze-in-sachsen-anhalt\/#breadcrumb\"},\"inLanguage\":\"de\",\"potentialAction\":[{\"@type\":\"ReadAction\",\"target\":[\"https:\/\/www.blaues-band.de\/blog\/teil-oeffnung-der-campingplaetze-in-sachsen-anhalt\/\"]}]},{\"@type\":\"BreadcrumbList\",\"@id\":\"https:\/\/www.blaues-band.de\/blog\/teil-oeffnung-der-campingplaetze-in-sachsen-anhalt\/#breadcrumb\",\"itemListElement\":[{\"@type\":\"ListItem\",\"position\":1,\"name\":\"Startseite\",\"item\":\"https:\/\/www.blaues-band.de\/blog\/\"},{\"@type\":\"ListItem\",\"position\":2,\"name\":\"(Teil-) \u00d6ffnung der Campingpl\u00e4tze in Sachsen-Anhalt\"}]},{\"@type\":\"WebSite\",\"@id\":\"https:\/\/www.blaues-band.de\/blog\/#website\",\"url\":\"https:\/\/www.blaues-band.de\/blog\/\",\"name\":\"Blaues Band\",\"description\":\"Nachrichten\",\"publisher\":{\"@id\":\"https:\/\/www.blaues-band.de\/blog\/#organization\"},\"potentialAction\":[{\"@type\":\"SearchAction\",\"target\":{\"@type\":\"EntryPoint\",\"urlTemplate\":\"https:\/\/www.blaues-band.de\/blog\/?s={search_term_string}\"},\"query-input\":\"required name=search_term_string\"}],\"inLanguage\":\"de\"},{\"@type\":\"Organization\",\"@id\":\"https:\/\/www.blaues-band.de\/blog\/#organization\",\"name\":\"Blaues Band\",\"url\":\"https:\/\/www.blaues-band.de\/blog\/\",\"logo\":{\"@type\":\"ImageObject\",\"inLanguage\":\"de\",\"@id\":\"https:\/\/www.blaues-band.de\/blog\/#\/schema\/logo\/image\/\",\"url\":\"https:\/\/www.blaues-band.de\/blog\/wp-content\/uploads\/2020\/04\/favicon.ico\",\"contentUrl\":\"https:\/\/www.blaues-band.de\/blog\/wp-content\/uploads\/2020\/04\/favicon.ico\",\"width\":107,\"height\":105,\"caption\":\"Blaues Band\"},\"image\":{\"@id\":\"https:\/\/www.blaues-band.de\/blog\/#\/schema\/logo\/image\/\"},\"sameAs\":[\"https:\/\/www.facebook.com\/BlauesBand\",\"https:\/\/twitter.com\/blaues_band\",\"https:\/\/www.instagram.com\/blaues_band\/\"]},{\"@type\":\"Person\",\"@id\":\"https:\/\/www.blaues-band.de\/blog\/#\/schema\/person\/819f103ef524c4ae43af25585694f03f\",\"name\":\"BBOlliAdmin\",\"sameAs\":[\"http:\/\/www.blaues-band.de\/blog\"]}]}<\/script>\n<!-- \/ Yoast SEO plugin. -->","yoast_head_json":{"title":"(Teil-) \u00d6ffnung der Campingpl\u00e4tze in Sachsen-Anhalt - Blaues Band","description":"Ein n\u00e4chster Schritt in Richtung Erleichterungen. Ab 15. Mai werden die Campingpl\u00e4tze in Sachsen-Anhalt f\u00fcr Reisemobile und Wohnwagen mit autarker Versorgung f\u00fcr Einheimische ge\u00f6ffnet.","robots":{"index":"index","follow":"follow","max-snippet":"max-snippet:-1","max-image-preview":"max-image-preview:large","max-video-preview":"max-video-preview:-1"},"canonical":"https:\/\/www.blaues-band.de\/blog\/teil-oeffnung-der-campingplaetze-in-sachsen-anhalt\/","og_locale":"de_DE","og_type":"article","og_title":"(Teil-) \u00d6ffnung der Campingpl\u00e4tze in Sachsen-Anhalt - Blaues Band","og_description":"Ein n\u00e4chster Schritt in Richtung Erleichterungen. Ab 15. Mai werden die Campingpl\u00e4tze in Sachsen-Anhalt f\u00fcr Reisemobile und Wohnwagen mit autarker Versorgung f\u00fcr Einheimische ge\u00f6ffnet.","og_url":"https:\/\/www.blaues-band.de\/blog\/teil-oeffnung-der-campingplaetze-in-sachsen-anhalt\/","og_site_name":"Blaues Band","article_publisher":"https:\/\/www.facebook.com\/BlauesBand","article_published_time":"2020-05-06T05:58:24+00:00","article_modified_time":"2020-05-18T06:04:36+00:00","og_image":[{"width":960,"height":1440,"url":"https:\/\/www.blaues-band.de\/blog\/wp-content\/uploads\/2020\/05\/95620496_2960731570682388_5738603261288513536_o.jpg","type":"image\/jpeg"}],"author":"BBOlliAdmin","twitter_card":"summary_large_image","twitter_creator":"@blaues_band","twitter_site":"@blaues_band","twitter_misc":{"Verfasst von":"BBOlliAdmin"},"schema":{"@context":"https:\/\/schema.org","@graph":[{"@type":"Article","@id":"https:\/\/www.blaues-band.de\/blog\/teil-oeffnung-der-campingplaetze-in-sachsen-anhalt\/#article","isPartOf":{"@id":"https:\/\/www.blaues-band.de\/blog\/teil-oeffnung-der-campingplaetze-in-sachsen-anhalt\/"},"author":{"name":"BBOlliAdmin","@id":"https:\/\/www.blaues-band.de\/blog\/#\/schema\/person\/819f103ef524c4ae43af25585694f03f"},"headline":"(Teil-) \u00d6ffnung der Campingpl\u00e4tze in Sachsen-Anhalt","datePublished":"2020-05-06T05:58:24+00:00","dateModified":"2020-05-18T06:04:36+00:00","mainEntityOfPage":{"@id":"https:\/\/www.blaues-band.de\/blog\/teil-oeffnung-der-campingplaetze-in-sachsen-anhalt\/"},"wordCount":70,"publisher":{"@id":"https:\/\/www.blaues-band.de\/blog\/#organization"},"keywords":["Campingplatz","Sachsen-Anhalt"],"articleSection":["Radtourismus","Wassertourismus"],"inLanguage":"de"},{"@type":"WebPage","@id":"https:\/\/www.blaues-band.de\/blog\/teil-oeffnung-der-campingplaetze-in-sachsen-anhalt\/","url":"https:\/\/www.blaues-band.de\/blog\/teil-oeffnung-der-campingplaetze-in-sachsen-anhalt\/","name":"(Teil-) \u00d6ffnung der Campingpl\u00e4tze in Sachsen-Anhalt - Blaues Band","isPartOf":{"@id":"https:\/\/www.blaues-band.de\/blog\/#website"},"datePublished":"2020-05-06T05:58:24+00:00","dateModified":"2020-05-18T06:04:36+00:00","description":"Ein n\u00e4chster Schritt in Richtung Erleichterungen. Ab 15. Mai werden die Campingpl\u00e4tze in Sachsen-Anhalt f\u00fcr Reisemobile und Wohnwagen mit autarker Versorgung f\u00fcr Einheimische ge\u00f6ffnet.","breadcrumb":{"@id":"https:\/\/www.blaues-band.de\/blog\/teil-oeffnung-der-campingplaetze-in-sachsen-anhalt\/#breadcrumb"},"inLanguage":"de","potentialAction":[{"@type":"ReadAction","target":["https:\/\/www.blaues-band.de\/blog\/teil-oeffnung-der-campingplaetze-in-sachsen-anhalt\/"]}]},{"@type":"BreadcrumbList","@id":"https:\/\/www.blaues-band.de\/blog\/teil-oeffnung-der-campingplaetze-in-sachsen-anhalt\/#breadcrumb","itemListElement":[{"@type":"ListItem","position":1,"name":"Startseite","item":"https:\/\/www.blaues-band.de\/blog\/"},{"@type":"ListItem","position":2,"name":"(Teil-) \u00d6ffnung der Campingpl\u00e4tze in Sachsen-Anhalt"}]},{"@type":"WebSite","@id":"https:\/\/www.blaues-band.de\/blog\/#website","url":"https:\/\/www.blaues-band.de\/blog\/","name":"Blaues Band","description":"Nachrichten","publisher":{"@id":"https:\/\/www.blaues-band.de\/blog\/#organization"},"potentialAction":[{"@type":"SearchAction","target":{"@type":"EntryPoint","urlTemplate":"https:\/\/www.blaues-band.de\/blog\/?s={search_term_string}"},"query-input":"required name=search_term_string"}],"inLanguage":"de"},{"@type":"Organization","@id":"https:\/\/www.blaues-band.de\/blog\/#organization","name":"Blaues Band","url":"https:\/\/www.blaues-band.de\/blog\/","logo":{"@type":"ImageObject","inLanguage":"de","@id":"https:\/\/www.blaues-band.de\/blog\/#\/schema\/logo\/image\/","url":"https:\/\/www.blaues-band.de\/blog\/wp-content\/uploads\/2020\/04\/favicon.ico","contentUrl":"https:\/\/www.blaues-band.de\/blog\/wp-content\/uploads\/2020\/04\/favicon.ico","width":107,"height":105,"caption":"Blaues Band"},"image":{"@id":"https:\/\/www.blaues-band.de\/blog\/#\/schema\/logo\/image\/"},"sameAs":["https:\/\/www.facebook.com\/BlauesBand","https:\/\/twitter.com\/blaues_band","https:\/\/www.instagram.com\/blaues_band\/"]},{"@type":"Person","@id":"https:\/\/www.blaues-band.de\/blog\/#\/schema\/person\/819f103ef524c4ae43af25585694f03f","name":"BBOlliAdmin","sameAs":["http:\/\/www.blaues-band.de\/blog"]}]}},"_links":{"self":[{"href":"https:\/\/www.blaues-band.de\/blog\/wp-json\/wp\/v2\/posts\/159"}],"collection":[{"href":"https:\/\/www.blaues-band.de\/blog\/wp-json\/wp\/v2\/posts"}],"about":[{"href":"https:\/\/www.blaues-band.de\/blog\/wp-json\/wp\/v2\/types\/post"}],"author":[{"embeddable":true,"href":"https:\/\/www.blaues-band.de\/blog\/wp-json\/wp\/v2\/users\/1"}],"replies":[{"embeddable":true,"href":"https:\/\/www.blaues-band.de\/blog\/wp-json\/wp\/v2\/comments?post=159"}],"version-history":[{"count":1,"href":"https:\/\/www.blaues-band.de\/blog\/wp-json\/wp\/v2\/posts\/159\/revisions"}],"predecessor-version":[{"id":161,"href":"https:\/\/www.blaues-band.de\/blog\/wp-json\/wp\/v2\/posts\/159\/revisions\/161"}],"wp:featuredmedia":[{"embeddable":true,"href":"https:\/\/www.blaues-band.de\/blog\/wp-json\/wp\/v2\/media\/160"}],"wp:attachment":[{"href":"https:\/\/www.blaues-band.de\/blog\/wp-json\/wp\/v2\/media?parent=159"}],"wp:term":[{"taxonomy":"category","embeddable":true,"href":"https:\/\/www.blaues-band.de\/blog\/wp-json\/wp\/v2\/categories?post=159"},{"taxonomy":"post_tag","embeddable":true,"href":"https:\/\/www.blaues-band.de\/blog\/wp-json\/wp\/v2\/tags?post=159"}],"curies":[{"name":"wp","href":"https:\/\/api.w.org\/{rel}","templated":true}]}}