{"id":59,"date":"2020-04-13T18:01:58","date_gmt":"2020-04-13T16:01:58","guid":{"rendered":"http:\/\/www.blaues-band.de\/blog\/?p=59"},"modified":"2020-04-13T18:09:59","modified_gmt":"2020-04-13T16:09:59","slug":"unstrutradweg-ostertour-2019","status":"publish","type":"post","link":"https:\/\/www.blaues-band.de\/blog\/unstrutradweg-ostertour-2019\/","title":{"rendered":"Unstrutradweg Ostertour 2019"},"content":{"rendered":"<div id=\"js_1hp\" class=\"_5pbx userContent _3576\" data-testid=\"post_message\" data-ft=\"{&quot;tn&quot;:&quot;K&quot;}\">\n<p>Ostern ist traditionell der Start unserer Saison auf dem <a href=\"http:\/\/www.blaues-band.de\/unstrut\/unstrut-radweg.php\" target=\"_blank\" rel=\"noopener noreferrer\">Unstrutradweg<\/a>. Da wir dieses Jahr zu Hause bleiben m\u00fcssen, haben wir die Bilder vom letzten Jahr 2019 herausgesucht und m\u00f6chten sie mit Euch teilen.<br \/>\n<!--more--><\/p>\n<p>Es ist unsere j\u00e4hrliche Erstbefahrung und wir f\u00fcttern, wenn n\u00f6tig, den Th\u00fcringer M\u00e4ngelmelder (<a href=\"https:\/\/www.radroutenplaner.thueringen.de\/maengelmelder\/?fbclid=IwAR22Bmh8Fv1yf-LPwao-bzhfw11plysxFN0p0YPx9iIlzHRUsBstoiBzP-4\" target=\"_blank\" rel=\"noopener nofollow noreferrer\" data-ft=\"{&quot;tn&quot;:&quot;-U&quot;}\" data-lynx-mode=\"async\" data-lynx-uri=\"https:\/\/l.facebook.com\/l.php?u=https%3A%2F%2Fwww.radroutenplaner.thueringen.de%2Fmaengelmelder%2F%3Ffbclid%3DIwAR22Bmh8Fv1yf-LPwao-bzhfw11plysxFN0p0YPx9iIlzHRUsBstoiBzP-4&amp;h=AT1Y0xDDVT65pEuYnc6sPg2DigcARP4JuNgep19PRbXBdkXsiyUimMTrX1UM4GrgssqYEo6c6P3i3aXmzcuKpo8cTiPnwpnWHqlR25jV9JKY9f27_HkYDnVkIeux5HWgiSKH3XRxXz2iVcD3rByn4HJtrpKsH7aaXIwrZmF-Ry2kYQBxf2YyTzi27Va7ato06cT-XTqKuSezkmjFvlzzw7QnuD2X8tentg3yYuo9S02SNa59lZyzEWC9-d1PsFFzEh5MUqoqtQ38mOHnZrzIuCZW5Y6-CVlhYGdoW3L0m9x-M31LsNKrIjrbG-TrXizOgU-Zpc1NhLl2ASciiLkSi3gDWdiy-X0MiUUyCG4a6tlKDYrwdvSB3OO4eJe1rDUwKRy8zTHRVoNpDoKRImNElEvgzZAYKAlAlceIdOOnuuvZpEdxMMpiHwrjHlhPZVwp5kd1zf0VOHoP8elQ03wVyftNsj5iC6lo8uezOyerGfZZC5x1BFOkR3dIwfAjWBWfQyjbXbc3tw09J_Qw4FXNcSnihN23J2SELgtNGfzRcOFF3HH3vCE2HYfNE9WRz_1XXJuIYhzwz90A3khDqjzmns959LkK4pAoG3K_Xa5Mqt00VSZSi7xavws6TIRxyBCK2lw477K7tFkfiRoMhuFN0olwmhLORze9fS7AXfQxBIbAir8ghTUdA_8m83ShiYr5_xlJIo3wbRnqda4sm1G7K2y4BnT4znk0LfkpC8UCVIN7hQxcYRLXHAETKrxw8Lu0YNa6njm9xA_UjxTB6yac5U1930IZbuj3cvbTEl8up_pRl77rQ0hPHke3nvfBi0qhEa5JFZv7mRI0XCMDWOY-YM2iawktPU1BmlciECjenVMOoBlDjId_9Y5I5yzJKAv-ZvGahCWu5sc_HQlJI2pS4rLeWxqGfJnTPAghlUJtnYc\">https:\/\/www.radroutenplaner.thueringen.de\/maengelmelder\/<\/a>).<\/p>\n<p>Weitere Informationen zum Radwandern auf dem Unstrutradweg findet ihr auf der <a href=\"https:\/\/www.unstrutradweg.de\/\" target=\"_blank\" rel=\"noopener noreferrer\">Internetseite<\/a> oder bei <a href=\"https:\/\/www.fb.com\/unstrutradweg\" target=\"_blank\" rel=\"noopener noreferrer\">Facebook<\/a>.<\/p>\n<p>&nbsp;<\/p>\n<\/div>\n<div id='gallery-1' class='gallery galleryid-59 gallery-columns-3 gallery-size-donovan-list-post'><figure class='gallery-item'>\n\t\t\t<div class='gallery-icon landscape'>\n\t\t\t\t<a href='https:\/\/www.blaues-band.de\/blog\/unstrutradweg-ostertour-2019\/001-quelle\/'><img width=\"600\" height=\"450\" data-src=\"https:\/\/www.blaues-band.de\/blog\/wp-content\/uploads\/2020\/04\/001-Quelle-600x450.jpg\" class=\"attachment-donovan-list-post size-donovan-list-post lazyload\" alt=\"ausgebaute Unstrutquelle bei Kefferhausen\" loading=\"lazy\" aria-describedby=\"gallery-1-60\" src=\"data:image\/gif;base64,R0lGODlhAQABAAAAACH5BAEKAAEALAAAAAABAAEAAAICTAEAOw==\" style=\"--smush-placeholder-width: 600px; --smush-placeholder-aspect-ratio: 600\/450;\" \/><noscript><img width=\"600\" height=\"450\" src=\"https:\/\/www.blaues-band.de\/blog\/wp-content\/uploads\/2020\/04\/001-Quelle-600x450.jpg\" class=\"attachment-donovan-list-post size-donovan-list-post\" alt=\"ausgebaute Unstrutquelle bei Kefferhausen\" loading=\"lazy\" aria-describedby=\"gallery-1-60\" \/><\/noscript><\/a>\n\t\t\t<\/div>\n\t\t\t\t<figcaption class='wp-caption-text gallery-caption' id='gallery-1-60'>\n\t\t\t\tUnstrutquelle\n\t\t\t\t<\/figcaption><\/figure><figure class='gallery-item'>\n\t\t\t<div class='gallery-icon landscape'>\n\t\t\t\t<a href='https:\/\/www.blaues-band.de\/blog\/unstrutradweg-ostertour-2019\/002-junge-unstrut\/'><img width=\"600\" height=\"450\" data-src=\"https:\/\/www.blaues-band.de\/blog\/wp-content\/uploads\/2020\/04\/002-junge-Unstrut-600x450.jpg\" class=\"attachment-donovan-list-post size-donovan-list-post lazyload\" alt=\"junge, schmale Unstrut in Kefferhausen\" loading=\"lazy\" aria-describedby=\"gallery-1-61\" src=\"data:image\/gif;base64,R0lGODlhAQABAAAAACH5BAEKAAEALAAAAAABAAEAAAICTAEAOw==\" style=\"--smush-placeholder-width: 600px; --smush-placeholder-aspect-ratio: 600\/450;\" \/><noscript><img width=\"600\" height=\"450\" src=\"https:\/\/www.blaues-band.de\/blog\/wp-content\/uploads\/2020\/04\/002-junge-Unstrut-600x450.jpg\" class=\"attachment-donovan-list-post size-donovan-list-post\" alt=\"junge, schmale Unstrut in Kefferhausen\" loading=\"lazy\" aria-describedby=\"gallery-1-61\" \/><\/noscript><\/a>\n\t\t\t<\/div>\n\t\t\t\t<figcaption class='wp-caption-text gallery-caption' id='gallery-1-61'>\n\t\t\t\tjunge Unstrut in Kefferhausen\n\t\t\t\t<\/figcaption><\/figure><figure class='gallery-item'>\n\t\t\t<div class='gallery-icon landscape'>\n\t\t\t\t<a href='https:\/\/www.blaues-band.de\/blog\/unstrutradweg-ostertour-2019\/003-dingelstaedt\/'><img width=\"600\" height=\"450\" data-src=\"https:\/\/www.blaues-band.de\/blog\/wp-content\/uploads\/2020\/04\/003-Dingelst\u00e4dt-600x450.jpg\" class=\"attachment-donovan-list-post size-donovan-list-post lazyload\" alt=\"die noch schmale Unstrut in Dingelst\u00e4dt\" loading=\"lazy\" aria-describedby=\"gallery-1-62\" src=\"data:image\/gif;base64,R0lGODlhAQABAAAAACH5BAEKAAEALAAAAAABAAEAAAICTAEAOw==\" style=\"--smush-placeholder-width: 600px; --smush-placeholder-aspect-ratio: 600\/450;\" \/><noscript><img width=\"600\" height=\"450\" src=\"https:\/\/www.blaues-band.de\/blog\/wp-content\/uploads\/2020\/04\/003-Dingelst\u00e4dt-600x450.jpg\" class=\"attachment-donovan-list-post size-donovan-list-post\" alt=\"die noch schmale Unstrut in Dingelst\u00e4dt\" loading=\"lazy\" aria-describedby=\"gallery-1-62\" \/><\/noscript><\/a>\n\t\t\t<\/div>\n\t\t\t\t<figcaption class='wp-caption-text gallery-caption' id='gallery-1-62'>\n\t\t\t\tdie noch schmale Unstrut in Dingelst\u00e4dt\n\t\t\t\t<\/figcaption><\/figure><figure class='gallery-item'>\n\t\t\t<div class='gallery-icon landscape'>\n\t\t\t\t<a href='https:\/\/www.blaues-band.de\/blog\/unstrutradweg-ostertour-2019\/004-abzweig-leinefelde\/'><img width=\"600\" height=\"450\" data-src=\"https:\/\/www.blaues-band.de\/blog\/wp-content\/uploads\/2020\/04\/004-Abzweig-Leinefelde-600x450.jpg\" class=\"attachment-donovan-list-post size-donovan-list-post lazyload\" alt=\"Radwegabzweig nach Leinefelde\" loading=\"lazy\" aria-describedby=\"gallery-1-63\" src=\"data:image\/gif;base64,R0lGODlhAQABAAAAACH5BAEKAAEALAAAAAABAAEAAAICTAEAOw==\" style=\"--smush-placeholder-width: 600px; --smush-placeholder-aspect-ratio: 600\/450;\" \/><noscript><img width=\"600\" height=\"450\" src=\"https:\/\/www.blaues-band.de\/blog\/wp-content\/uploads\/2020\/04\/004-Abzweig-Leinefelde-600x450.jpg\" class=\"attachment-donovan-list-post size-donovan-list-post\" alt=\"Radwegabzweig nach Leinefelde\" loading=\"lazy\" aria-describedby=\"gallery-1-63\" \/><\/noscript><\/a>\n\t\t\t<\/div>\n\t\t\t\t<figcaption class='wp-caption-text gallery-caption' id='gallery-1-63'>\n\t\t\t\tRadwegabzweig nach Leinefelde\n\t\t\t\t<\/figcaption><\/figure><figure class='gallery-item'>\n\t\t\t<div class='gallery-icon landscape'>\n\t\t\t\t<a href='https:\/\/www.blaues-band.de\/blog\/unstrutradweg-ostertour-2019\/005-milchkannen\/'><img width=\"600\" height=\"450\" data-src=\"https:\/\/www.blaues-band.de\/blog\/wp-content\/uploads\/2020\/04\/005-Milchkannen-600x450.jpg\" class=\"attachment-donovan-list-post size-donovan-list-post lazyload\" alt=\"Milchkannen in Helmsdorf\" loading=\"lazy\" aria-describedby=\"gallery-1-64\" src=\"data:image\/gif;base64,R0lGODlhAQABAAAAACH5BAEKAAEALAAAAAABAAEAAAICTAEAOw==\" style=\"--smush-placeholder-width: 600px; --smush-placeholder-aspect-ratio: 600\/450;\" \/><noscript><img width=\"600\" height=\"450\" src=\"https:\/\/www.blaues-band.de\/blog\/wp-content\/uploads\/2020\/04\/005-Milchkannen-600x450.jpg\" class=\"attachment-donovan-list-post size-donovan-list-post\" alt=\"Milchkannen in Helmsdorf\" loading=\"lazy\" aria-describedby=\"gallery-1-64\" \/><\/noscript><\/a>\n\t\t\t<\/div>\n\t\t\t\t<figcaption class='wp-caption-text gallery-caption' id='gallery-1-64'>\n\t\t\t\tMilchkannen in Helmsdorf\n\t\t\t\t<\/figcaption><\/figure><figure class='gallery-item'>\n\t\t\t<div class='gallery-icon landscape'>\n\t\t\t\t<a href='https:\/\/www.blaues-band.de\/blog\/unstrutradweg-ostertour-2019\/006-rastplatz\/'><img width=\"600\" height=\"450\" data-src=\"https:\/\/www.blaues-band.de\/blog\/wp-content\/uploads\/2020\/04\/006-Rastplatz-600x450.jpg\" class=\"attachment-donovan-list-post size-donovan-list-post lazyload\" alt=\"Rastplatz in der N\u00e4he von Helmsdorf\" loading=\"lazy\" aria-describedby=\"gallery-1-65\" src=\"data:image\/gif;base64,R0lGODlhAQABAAAAACH5BAEKAAEALAAAAAABAAEAAAICTAEAOw==\" style=\"--smush-placeholder-width: 600px; --smush-placeholder-aspect-ratio: 600\/450;\" \/><noscript><img width=\"600\" height=\"450\" src=\"https:\/\/www.blaues-band.de\/blog\/wp-content\/uploads\/2020\/04\/006-Rastplatz-600x450.jpg\" class=\"attachment-donovan-list-post size-donovan-list-post\" alt=\"Rastplatz in der N\u00e4he von Helmsdorf\" loading=\"lazy\" aria-describedby=\"gallery-1-65\" \/><\/noscript><\/a>\n\t\t\t<\/div>\n\t\t\t\t<figcaption class='wp-caption-text gallery-caption' id='gallery-1-65'>\n\t\t\t\tRastplatz Helmsdorf\n\t\t\t\t<\/figcaption><\/figure><figure class='gallery-item'>\n\t\t\t<div class='gallery-icon landscape'>\n\t\t\t\t<a href='https:\/\/www.blaues-band.de\/blog\/unstrutradweg-ostertour-2019\/007-reiserschestal\/'><img width=\"600\" height=\"450\" data-src=\"https:\/\/www.blaues-band.de\/blog\/wp-content\/uploads\/2020\/04\/007-ReiserschesTal-600x450.jpg\" class=\"attachment-donovan-list-post size-donovan-list-post lazyload\" alt=\"kleiner Wasserfall im Reiserschen Tal\" loading=\"lazy\" aria-describedby=\"gallery-1-66\" src=\"data:image\/gif;base64,R0lGODlhAQABAAAAACH5BAEKAAEALAAAAAABAAEAAAICTAEAOw==\" style=\"--smush-placeholder-width: 600px; --smush-placeholder-aspect-ratio: 600\/450;\" \/><noscript><img width=\"600\" height=\"450\" src=\"https:\/\/www.blaues-band.de\/blog\/wp-content\/uploads\/2020\/04\/007-ReiserschesTal-600x450.jpg\" class=\"attachment-donovan-list-post size-donovan-list-post\" alt=\"kleiner Wasserfall im Reiserschen Tal\" loading=\"lazy\" aria-describedby=\"gallery-1-66\" \/><\/noscript><\/a>\n\t\t\t<\/div>\n\t\t\t\t<figcaption class='wp-caption-text gallery-caption' id='gallery-1-66'>\n\t\t\t\tReisersches Tal\n\t\t\t\t<\/figcaption><\/figure><figure class='gallery-item'>\n\t\t\t<div class='gallery-icon landscape'>\n\t\t\t\t<a href='https:\/\/www.blaues-band.de\/blog\/unstrutradweg-ostertour-2019\/008-goermar\/'><img width=\"600\" height=\"450\" data-src=\"https:\/\/www.blaues-band.de\/blog\/wp-content\/uploads\/2020\/04\/008-G\u00f6rmar-600x450.jpg\" class=\"attachment-donovan-list-post size-donovan-list-post lazyload\" alt=\"verwundene Baum\u00e4ste in G\u00f6rmar an der Unstrut\" loading=\"lazy\" aria-describedby=\"gallery-1-67\" src=\"data:image\/gif;base64,R0lGODlhAQABAAAAACH5BAEKAAEALAAAAAABAAEAAAICTAEAOw==\" style=\"--smush-placeholder-width: 600px; --smush-placeholder-aspect-ratio: 600\/450;\" \/><noscript><img width=\"600\" height=\"450\" src=\"https:\/\/www.blaues-band.de\/blog\/wp-content\/uploads\/2020\/04\/008-G\u00f6rmar-600x450.jpg\" class=\"attachment-donovan-list-post size-donovan-list-post\" alt=\"verwundene Baum\u00e4ste in G\u00f6rmar an der Unstrut\" loading=\"lazy\" aria-describedby=\"gallery-1-67\" \/><\/noscript><\/a>\n\t\t\t<\/div>\n\t\t\t\t<figcaption class='wp-caption-text gallery-caption' id='gallery-1-67'>\n\t\t\t\tUnstrutufer G\u00f6rmar\n\t\t\t\t<\/figcaption><\/figure><figure class='gallery-item'>\n\t\t\t<div class='gallery-icon landscape'>\n\t\t\t\t<a href='https:\/\/www.blaues-band.de\/blog\/unstrutradweg-ostertour-2019\/009-bollstedt\/'><img width=\"600\" height=\"450\" data-src=\"https:\/\/www.blaues-band.de\/blog\/wp-content\/uploads\/2020\/04\/009-Bollstedt-600x450.jpg\" class=\"attachment-donovan-list-post size-donovan-list-post lazyload\" alt=\"Bollstedt\" loading=\"lazy\" aria-describedby=\"gallery-1-68\" src=\"data:image\/gif;base64,R0lGODlhAQABAAAAACH5BAEKAAEALAAAAAABAAEAAAICTAEAOw==\" style=\"--smush-placeholder-width: 600px; --smush-placeholder-aspect-ratio: 600\/450;\" \/><noscript><img width=\"600\" height=\"450\" src=\"https:\/\/www.blaues-band.de\/blog\/wp-content\/uploads\/2020\/04\/009-Bollstedt-600x450.jpg\" class=\"attachment-donovan-list-post size-donovan-list-post\" alt=\"Bollstedt\" loading=\"lazy\" aria-describedby=\"gallery-1-68\" \/><\/noscript><\/a>\n\t\t\t<\/div>\n\t\t\t\t<figcaption class='wp-caption-text gallery-caption' id='gallery-1-68'>\n\t\t\t\tBollstedt\n\t\t\t\t<\/figcaption><\/figure><figure class='gallery-item'>\n\t\t\t<div class='gallery-icon landscape'>\n\t\t\t\t<a href='https:\/\/www.blaues-band.de\/blog\/unstrutradweg-ostertour-2019\/010-bollstedt\/'><img width=\"600\" height=\"450\" data-src=\"https:\/\/www.blaues-band.de\/blog\/wp-content\/uploads\/2020\/04\/010-Bollstedt-600x450.jpg\" class=\"attachment-donovan-list-post size-donovan-list-post lazyload\" alt=\"Deichbeschriftung\" loading=\"lazy\" aria-describedby=\"gallery-1-69\" src=\"data:image\/gif;base64,R0lGODlhAQABAAAAACH5BAEKAAEALAAAAAABAAEAAAICTAEAOw==\" style=\"--smush-placeholder-width: 600px; --smush-placeholder-aspect-ratio: 600\/450;\" \/><noscript><img width=\"600\" height=\"450\" src=\"https:\/\/www.blaues-band.de\/blog\/wp-content\/uploads\/2020\/04\/010-Bollstedt-600x450.jpg\" class=\"attachment-donovan-list-post size-donovan-list-post\" alt=\"Deichbeschriftung\" loading=\"lazy\" aria-describedby=\"gallery-1-69\" \/><\/noscript><\/a>\n\t\t\t<\/div>\n\t\t\t\t<figcaption class='wp-caption-text gallery-caption' id='gallery-1-69'>\n\t\t\t\tDeich Bollstedt \n\t\t\t\t<\/figcaption><\/figure><figure class='gallery-item'>\n\t\t\t<div class='gallery-icon landscape'>\n\t\t\t\t<a href='https:\/\/www.blaues-band.de\/blog\/unstrutradweg-ostertour-2019\/011-thamsbrueck\/'><img width=\"600\" height=\"450\" data-src=\"https:\/\/www.blaues-band.de\/blog\/wp-content\/uploads\/2020\/04\/011-Thamsbr\u00fcck-600x450.jpg\" class=\"attachment-donovan-list-post size-donovan-list-post lazyload\" alt=\"Unstrut bei Thamsbr\u00fcck\" loading=\"lazy\" aria-describedby=\"gallery-1-70\" src=\"data:image\/gif;base64,R0lGODlhAQABAAAAACH5BAEKAAEALAAAAAABAAEAAAICTAEAOw==\" style=\"--smush-placeholder-width: 600px; --smush-placeholder-aspect-ratio: 600\/450;\" \/><noscript><img width=\"600\" height=\"450\" src=\"https:\/\/www.blaues-band.de\/blog\/wp-content\/uploads\/2020\/04\/011-Thamsbr\u00fcck-600x450.jpg\" class=\"attachment-donovan-list-post size-donovan-list-post\" alt=\"Unstrut bei Thamsbr\u00fcck\" loading=\"lazy\" aria-describedby=\"gallery-1-70\" \/><\/noscript><\/a>\n\t\t\t<\/div>\n\t\t\t\t<figcaption class='wp-caption-text gallery-caption' id='gallery-1-70'>\n\t\t\t\tUnstrut bei Thamsbr\u00fcck\n\t\t\t\t<\/figcaption><\/figure><figure class='gallery-item'>\n\t\t\t<div class='gallery-icon landscape'>\n\t\t\t\t<a href='https:\/\/www.blaues-band.de\/blog\/unstrutradweg-ostertour-2019\/012-naegelstedt\/'><img width=\"600\" height=\"450\" data-src=\"https:\/\/www.blaues-band.de\/blog\/wp-content\/uploads\/2020\/04\/012-N\u00e4gelstedt-600x450.jpg\" class=\"attachment-donovan-list-post size-donovan-list-post lazyload\" alt=\"Esel auf der Wiese bei N\u00e4gelstedt\" loading=\"lazy\" aria-describedby=\"gallery-1-71\" src=\"data:image\/gif;base64,R0lGODlhAQABAAAAACH5BAEKAAEALAAAAAABAAEAAAICTAEAOw==\" style=\"--smush-placeholder-width: 600px; --smush-placeholder-aspect-ratio: 600\/450;\" \/><noscript><img width=\"600\" height=\"450\" src=\"https:\/\/www.blaues-band.de\/blog\/wp-content\/uploads\/2020\/04\/012-N\u00e4gelstedt-600x450.jpg\" class=\"attachment-donovan-list-post size-donovan-list-post\" alt=\"Esel auf der Wiese bei N\u00e4gelstedt\" loading=\"lazy\" aria-describedby=\"gallery-1-71\" \/><\/noscript><\/a>\n\t\t\t<\/div>\n\t\t\t\t<figcaption class='wp-caption-text gallery-caption' id='gallery-1-71'>\n\t\t\t\tEsel in N\u00e4gelstedt\n\t\t\t\t<\/figcaption><\/figure><figure class='gallery-item'>\n\t\t\t<div class='gallery-icon landscape'>\n\t\t\t\t<a href='https:\/\/www.blaues-band.de\/blog\/unstrutradweg-ostertour-2019\/013-naegelstedt\/'><img width=\"600\" height=\"450\" data-src=\"https:\/\/www.blaues-band.de\/blog\/wp-content\/uploads\/2020\/04\/013-N\u00e4gelstedt-600x450.jpg\" class=\"attachment-donovan-list-post size-donovan-list-post lazyload\" alt=\"Unstrutm\u00fchle in N\u00e4gelstedt\" loading=\"lazy\" aria-describedby=\"gallery-1-72\" src=\"data:image\/gif;base64,R0lGODlhAQABAAAAACH5BAEKAAEALAAAAAABAAEAAAICTAEAOw==\" style=\"--smush-placeholder-width: 600px; --smush-placeholder-aspect-ratio: 600\/450;\" \/><noscript><img width=\"600\" height=\"450\" src=\"https:\/\/www.blaues-band.de\/blog\/wp-content\/uploads\/2020\/04\/013-N\u00e4gelstedt-600x450.jpg\" class=\"attachment-donovan-list-post size-donovan-list-post\" alt=\"Unstrutm\u00fchle in N\u00e4gelstedt\" loading=\"lazy\" aria-describedby=\"gallery-1-72\" \/><\/noscript><\/a>\n\t\t\t<\/div>\n\t\t\t\t<figcaption class='wp-caption-text gallery-caption' id='gallery-1-72'>\n\t\t\t\tUnstrutm\u00fchle in N\u00e4gelstedt\n\t\t\t\t<\/figcaption><\/figure><figure class='gallery-item'>\n\t\t\t<div class='gallery-icon landscape'>\n\t\t\t\t<a href='https:\/\/www.blaues-band.de\/blog\/unstrutradweg-ostertour-2019\/014-nsg-unstruttal\/'><img width=\"600\" height=\"450\" data-src=\"https:\/\/www.blaues-band.de\/blog\/wp-content\/uploads\/2020\/04\/014-NSG-Unstruttal-600x450.jpg\" class=\"attachment-donovan-list-post size-donovan-list-post lazyload\" alt=\"Naturschutzgebiet Unstruttal\" loading=\"lazy\" aria-describedby=\"gallery-1-73\" src=\"data:image\/gif;base64,R0lGODlhAQABAAAAACH5BAEKAAEALAAAAAABAAEAAAICTAEAOw==\" style=\"--smush-placeholder-width: 600px; --smush-placeholder-aspect-ratio: 600\/450;\" \/><noscript><img width=\"600\" height=\"450\" src=\"https:\/\/www.blaues-band.de\/blog\/wp-content\/uploads\/2020\/04\/014-NSG-Unstruttal-600x450.jpg\" class=\"attachment-donovan-list-post size-donovan-list-post\" alt=\"Naturschutzgebiet Unstruttal\" loading=\"lazy\" aria-describedby=\"gallery-1-73\" \/><\/noscript><\/a>\n\t\t\t<\/div>\n\t\t\t\t<figcaption class='wp-caption-text gallery-caption' id='gallery-1-73'>\n\t\t\t\tNSG Unstruttal\n\t\t\t\t<\/figcaption><\/figure><figure class='gallery-item'>\n\t\t\t<div class='gallery-icon landscape'>\n\t\t\t\t<a href='https:\/\/www.blaues-band.de\/blog\/unstrutradweg-ostertour-2019\/015-herbsleben\/'><img width=\"600\" height=\"450\" data-src=\"https:\/\/www.blaues-band.de\/blog\/wp-content\/uploads\/2020\/04\/015-Herbsleben-600x450.jpg\" class=\"attachment-donovan-list-post size-donovan-list-post lazyload\" alt=\"Unstrut in Herbsleben\" loading=\"lazy\" aria-describedby=\"gallery-1-74\" src=\"data:image\/gif;base64,R0lGODlhAQABAAAAACH5BAEKAAEALAAAAAABAAEAAAICTAEAOw==\" style=\"--smush-placeholder-width: 600px; --smush-placeholder-aspect-ratio: 600\/450;\" \/><noscript><img width=\"600\" height=\"450\" src=\"https:\/\/www.blaues-band.de\/blog\/wp-content\/uploads\/2020\/04\/015-Herbsleben-600x450.jpg\" class=\"attachment-donovan-list-post size-donovan-list-post\" alt=\"Unstrut in Herbsleben\" loading=\"lazy\" aria-describedby=\"gallery-1-74\" \/><\/noscript><\/a>\n\t\t\t<\/div>\n\t\t\t\t<figcaption class='wp-caption-text gallery-caption' id='gallery-1-74'>\n\t\t\t\tUnstrut in Herbsleben\n\t\t\t\t<\/figcaption><\/figure><figure class='gallery-item'>\n\t\t\t<div class='gallery-icon landscape'>\n\t\t\t\t<a href='https:\/\/www.blaues-band.de\/blog\/unstrutradweg-ostertour-2019\/016-gebesee\/'><img width=\"600\" height=\"450\" data-src=\"https:\/\/www.blaues-band.de\/blog\/wp-content\/uploads\/2020\/04\/016-Gebesee-600x450.jpg\" class=\"attachment-donovan-list-post size-donovan-list-post lazyload\" alt=\"Raststelle in Gebesee\" loading=\"lazy\" aria-describedby=\"gallery-1-75\" src=\"data:image\/gif;base64,R0lGODlhAQABAAAAACH5BAEKAAEALAAAAAABAAEAAAICTAEAOw==\" style=\"--smush-placeholder-width: 600px; --smush-placeholder-aspect-ratio: 600\/450;\" \/><noscript><img width=\"600\" height=\"450\" src=\"https:\/\/www.blaues-band.de\/blog\/wp-content\/uploads\/2020\/04\/016-Gebesee-600x450.jpg\" class=\"attachment-donovan-list-post size-donovan-list-post\" alt=\"Raststelle in Gebesee\" loading=\"lazy\" aria-describedby=\"gallery-1-75\" \/><\/noscript><\/a>\n\t\t\t<\/div>\n\t\t\t\t<figcaption class='wp-caption-text gallery-caption' id='gallery-1-75'>\n\t\t\t\tRaststelle in Gebesee\n\t\t\t\t<\/figcaption><\/figure><figure class='gallery-item'>\n\t\t\t<div class='gallery-icon landscape'>\n\t\t\t\t<a href='https:\/\/www.blaues-band.de\/blog\/unstrutradweg-ostertour-2019\/017-hassleber-ried\/'><img width=\"600\" height=\"450\" data-src=\"https:\/\/www.blaues-band.de\/blog\/wp-content\/uploads\/2020\/04\/017-Ha\u00dfleber-Ried-600x450.jpg\" class=\"attachment-donovan-list-post size-donovan-list-post lazyload\" alt=\"Naturschutzgebiet Ha\u00dfleber Ried\" loading=\"lazy\" aria-describedby=\"gallery-1-76\" src=\"data:image\/gif;base64,R0lGODlhAQABAAAAACH5BAEKAAEALAAAAAABAAEAAAICTAEAOw==\" style=\"--smush-placeholder-width: 600px; --smush-placeholder-aspect-ratio: 600\/450;\" \/><noscript><img width=\"600\" height=\"450\" src=\"https:\/\/www.blaues-band.de\/blog\/wp-content\/uploads\/2020\/04\/017-Ha\u00dfleber-Ried-600x450.jpg\" class=\"attachment-donovan-list-post size-donovan-list-post\" alt=\"Naturschutzgebiet Ha\u00dfleber Ried\" loading=\"lazy\" aria-describedby=\"gallery-1-76\" \/><\/noscript><\/a>\n\t\t\t<\/div>\n\t\t\t\t<figcaption class='wp-caption-text gallery-caption' id='gallery-1-76'>\n\t\t\t\tNSG Ha\u00dfleber Ried\n\t\t\t\t<\/figcaption><\/figure><figure class='gallery-item'>\n\t\t\t<div class='gallery-icon landscape'>\n\t\t\t\t<a href='https:\/\/www.blaues-band.de\/blog\/unstrutradweg-ostertour-2019\/018-unstrutbiber\/'><img width=\"600\" height=\"450\" data-src=\"https:\/\/www.blaues-band.de\/blog\/wp-content\/uploads\/2020\/04\/018-Unstrutbiber-600x450.jpg\" class=\"attachment-donovan-list-post size-donovan-list-post lazyload\" alt=\"Spuren des Unstrutbibers\" loading=\"lazy\" aria-describedby=\"gallery-1-77\" src=\"data:image\/gif;base64,R0lGODlhAQABAAAAACH5BAEKAAEALAAAAAABAAEAAAICTAEAOw==\" style=\"--smush-placeholder-width: 600px; --smush-placeholder-aspect-ratio: 600\/450;\" \/><noscript><img width=\"600\" height=\"450\" src=\"https:\/\/www.blaues-band.de\/blog\/wp-content\/uploads\/2020\/04\/018-Unstrutbiber-600x450.jpg\" class=\"attachment-donovan-list-post size-donovan-list-post\" alt=\"Spuren des Unstrutbibers\" loading=\"lazy\" aria-describedby=\"gallery-1-77\" \/><\/noscript><\/a>\n\t\t\t<\/div>\n\t\t\t\t<figcaption class='wp-caption-text gallery-caption' id='gallery-1-77'>\n\t\t\t\tSpuren des Unstrutbibers\n\t\t\t\t<\/figcaption><\/figure><figure class='gallery-item'>\n\t\t\t<div class='gallery-icon landscape'>\n\t\t\t\t<a href='https:\/\/www.blaues-band.de\/blog\/unstrutradweg-ostertour-2019\/019-soemmerda\/'><img width=\"600\" height=\"450\" data-src=\"https:\/\/www.blaues-band.de\/blog\/wp-content\/uploads\/2020\/04\/019-S\u00f6mmerda-600x450.jpg\" class=\"attachment-donovan-list-post size-donovan-list-post lazyload\" alt=\"Rathaus in S\u00f6mmerda\" loading=\"lazy\" aria-describedby=\"gallery-1-78\" src=\"data:image\/gif;base64,R0lGODlhAQABAAAAACH5BAEKAAEALAAAAAABAAEAAAICTAEAOw==\" style=\"--smush-placeholder-width: 600px; --smush-placeholder-aspect-ratio: 600\/450;\" \/><noscript><img width=\"600\" height=\"450\" src=\"https:\/\/www.blaues-band.de\/blog\/wp-content\/uploads\/2020\/04\/019-S\u00f6mmerda-600x450.jpg\" class=\"attachment-donovan-list-post size-donovan-list-post\" alt=\"Rathaus in S\u00f6mmerda\" loading=\"lazy\" aria-describedby=\"gallery-1-78\" \/><\/noscript><\/a>\n\t\t\t<\/div>\n\t\t\t\t<figcaption class='wp-caption-text gallery-caption' id='gallery-1-78'>\n\t\t\t\tRathaus S\u00f6mmerda\n\t\t\t\t<\/figcaption><\/figure><figure class='gallery-item'>\n\t\t\t<div class='gallery-icon landscape'>\n\t\t\t\t<a href='https:\/\/www.blaues-band.de\/blog\/unstrutradweg-ostertour-2019\/022-001-leubingen\/'><img width=\"600\" height=\"450\" data-src=\"https:\/\/www.blaues-band.de\/blog\/wp-content\/uploads\/2020\/04\/022-001-Leubingen-600x450.jpg\" class=\"attachment-donovan-list-post size-donovan-list-post lazyload\" alt=\"Auf dem Unstrutdeich zwischen S\u00f6mmerda und Leubingen\" loading=\"lazy\" aria-describedby=\"gallery-1-79\" src=\"data:image\/gif;base64,R0lGODlhAQABAAAAACH5BAEKAAEALAAAAAABAAEAAAICTAEAOw==\" style=\"--smush-placeholder-width: 600px; --smush-placeholder-aspect-ratio: 600\/450;\" \/><noscript><img width=\"600\" height=\"450\" src=\"https:\/\/www.blaues-band.de\/blog\/wp-content\/uploads\/2020\/04\/022-001-Leubingen-600x450.jpg\" class=\"attachment-donovan-list-post size-donovan-list-post\" alt=\"Auf dem Unstrutdeich zwischen S\u00f6mmerda und Leubingen\" loading=\"lazy\" aria-describedby=\"gallery-1-79\" \/><\/noscript><\/a>\n\t\t\t<\/div>\n\t\t\t\t<figcaption class='wp-caption-text gallery-caption' id='gallery-1-79'>\n\t\t\t\tUnstrutdeich zwischen S\u00f6mmerda und Leubingen\n\t\t\t\t<\/figcaption><\/figure><figure class='gallery-item'>\n\t\t\t<div class='gallery-icon landscape'>\n\t\t\t\t<a href='https:\/\/www.blaues-band.de\/blog\/unstrutradweg-ostertour-2019\/023-002-leubingen\/'><img width=\"600\" height=\"450\" data-src=\"https:\/\/www.blaues-band.de\/blog\/wp-content\/uploads\/2020\/04\/023-002-Leubingen-600x450.jpg\" class=\"attachment-donovan-list-post size-donovan-list-post lazyload\" alt=\"Unstrut bei Leubingen\" loading=\"lazy\" aria-describedby=\"gallery-1-80\" src=\"data:image\/gif;base64,R0lGODlhAQABAAAAACH5BAEKAAEALAAAAAABAAEAAAICTAEAOw==\" style=\"--smush-placeholder-width: 600px; --smush-placeholder-aspect-ratio: 600\/450;\" \/><noscript><img width=\"600\" height=\"450\" src=\"https:\/\/www.blaues-band.de\/blog\/wp-content\/uploads\/2020\/04\/023-002-Leubingen-600x450.jpg\" class=\"attachment-donovan-list-post size-donovan-list-post\" alt=\"Unstrut bei Leubingen\" loading=\"lazy\" aria-describedby=\"gallery-1-80\" \/><\/noscript><\/a>\n\t\t\t<\/div>\n\t\t\t\t<figcaption class='wp-caption-text gallery-caption' id='gallery-1-80'>\n\t\t\t\tUnstrut bei Leubingen\n\t\t\t\t<\/figcaption><\/figure><figure class='gallery-item'>\n\t\t\t<div class='gallery-icon landscape'>\n\t\t\t\t<a href='https:\/\/www.blaues-band.de\/blog\/unstrutradweg-ostertour-2019\/024-003-buechel\/'><img width=\"600\" height=\"450\" data-src=\"https:\/\/www.blaues-band.de\/blog\/wp-content\/uploads\/2020\/04\/024-003-B\u00fcchel-600x450.jpg\" class=\"attachment-donovan-list-post size-donovan-list-post lazyload\" alt=\"Gasthof in B\u00fcchel\" loading=\"lazy\" aria-describedby=\"gallery-1-81\" src=\"data:image\/gif;base64,R0lGODlhAQABAAAAACH5BAEKAAEALAAAAAABAAEAAAICTAEAOw==\" style=\"--smush-placeholder-width: 600px; --smush-placeholder-aspect-ratio: 600\/450;\" \/><noscript><img width=\"600\" height=\"450\" src=\"https:\/\/www.blaues-band.de\/blog\/wp-content\/uploads\/2020\/04\/024-003-B\u00fcchel-600x450.jpg\" class=\"attachment-donovan-list-post size-donovan-list-post\" alt=\"Gasthof in B\u00fcchel\" loading=\"lazy\" aria-describedby=\"gallery-1-81\" \/><\/noscript><\/a>\n\t\t\t<\/div>\n\t\t\t\t<figcaption class='wp-caption-text gallery-caption' id='gallery-1-81'>\n\t\t\t\tGasthof B\u00fcchel\n\t\t\t\t<\/figcaption><\/figure><figure class='gallery-item'>\n\t\t\t<div class='gallery-icon landscape'>\n\t\t\t\t<a href='https:\/\/www.blaues-band.de\/blog\/unstrutradweg-ostertour-2019\/025-004-buechel\/'><img width=\"600\" height=\"450\" data-src=\"https:\/\/www.blaues-band.de\/blog\/wp-content\/uploads\/2020\/04\/025-004-B\u00fcchel-600x450.jpg\" class=\"attachment-donovan-list-post size-donovan-list-post lazyload\" alt=\"Lossabr\u00fccke bei B\u00fcchel\" loading=\"lazy\" aria-describedby=\"gallery-1-82\" src=\"data:image\/gif;base64,R0lGODlhAQABAAAAACH5BAEKAAEALAAAAAABAAEAAAICTAEAOw==\" style=\"--smush-placeholder-width: 600px; --smush-placeholder-aspect-ratio: 600\/450;\" \/><noscript><img width=\"600\" height=\"450\" src=\"https:\/\/www.blaues-band.de\/blog\/wp-content\/uploads\/2020\/04\/025-004-B\u00fcchel-600x450.jpg\" class=\"attachment-donovan-list-post size-donovan-list-post\" alt=\"Lossabr\u00fccke bei B\u00fcchel\" loading=\"lazy\" aria-describedby=\"gallery-1-82\" \/><\/noscript><\/a>\n\t\t\t<\/div>\n\t\t\t\t<figcaption class='wp-caption-text gallery-caption' id='gallery-1-82'>\n\t\t\t\tLossabr\u00fccke B\u00fcchel\n\t\t\t\t<\/figcaption><\/figure><figure class='gallery-item'>\n\t\t\t<div class='gallery-icon landscape'>\n\t\t\t\t<a href='https:\/\/www.blaues-band.de\/blog\/unstrutradweg-ostertour-2019\/026-005-thueringer-pforte\/'><img width=\"600\" height=\"450\" data-src=\"https:\/\/www.blaues-band.de\/blog\/wp-content\/uploads\/2020\/04\/026-005-Th\u00fcringer-Pforte-600x450.jpg\" class=\"attachment-donovan-list-post size-donovan-list-post lazyload\" alt=\"Flutbr\u00fccke der Th\u00fcringer Pforte mit Sachsenburgen\" loading=\"lazy\" aria-describedby=\"gallery-1-83\" src=\"data:image\/gif;base64,R0lGODlhAQABAAAAACH5BAEKAAEALAAAAAABAAEAAAICTAEAOw==\" style=\"--smush-placeholder-width: 600px; --smush-placeholder-aspect-ratio: 600\/450;\" \/><noscript><img width=\"600\" height=\"450\" src=\"https:\/\/www.blaues-band.de\/blog\/wp-content\/uploads\/2020\/04\/026-005-Th\u00fcringer-Pforte-600x450.jpg\" class=\"attachment-donovan-list-post size-donovan-list-post\" alt=\"Flutbr\u00fccke der Th\u00fcringer Pforte mit Sachsenburgen\" loading=\"lazy\" aria-describedby=\"gallery-1-83\" \/><\/noscript><\/a>\n\t\t\t<\/div>\n\t\t\t\t<figcaption class='wp-caption-text gallery-caption' id='gallery-1-83'>\n\t\t\t\tTh\u00fcringer Pforte\n\t\t\t\t<\/figcaption><\/figure><figure class='gallery-item'>\n\t\t\t<div class='gallery-icon landscape'>\n\t\t\t\t<a href='https:\/\/www.blaues-band.de\/blog\/unstrutradweg-ostertour-2019\/027-006-heldrungen\/'><img width=\"600\" height=\"450\" data-src=\"https:\/\/www.blaues-band.de\/blog\/wp-content\/uploads\/2020\/04\/027-006-Heldrungen-600x450.jpg\" class=\"attachment-donovan-list-post size-donovan-list-post lazyload\" alt=\"Freibad und Camping in Heldrungen\" loading=\"lazy\" aria-describedby=\"gallery-1-84\" src=\"data:image\/gif;base64,R0lGODlhAQABAAAAACH5BAEKAAEALAAAAAABAAEAAAICTAEAOw==\" style=\"--smush-placeholder-width: 600px; --smush-placeholder-aspect-ratio: 600\/450;\" \/><noscript><img width=\"600\" height=\"450\" src=\"https:\/\/www.blaues-band.de\/blog\/wp-content\/uploads\/2020\/04\/027-006-Heldrungen-600x450.jpg\" class=\"attachment-donovan-list-post size-donovan-list-post\" alt=\"Freibad und Camping in Heldrungen\" loading=\"lazy\" aria-describedby=\"gallery-1-84\" \/><\/noscript><\/a>\n\t\t\t<\/div>\n\t\t\t\t<figcaption class='wp-caption-text gallery-caption' id='gallery-1-84'>\n\t\t\t\tFreibad und Camping Heldrungen\n\t\t\t\t<\/figcaption><\/figure><figure class='gallery-item'>\n\t\t\t<div class='gallery-icon landscape'>\n\t\t\t\t<a href='https:\/\/www.blaues-band.de\/blog\/unstrutradweg-ostertour-2019\/028-007-schoenfeld\/'><img width=\"600\" height=\"450\" data-src=\"https:\/\/www.blaues-band.de\/blog\/wp-content\/uploads\/2020\/04\/028-007-Sch\u00f6nfeld-600x450.jpg\" class=\"attachment-donovan-list-post size-donovan-list-post lazyload\" alt=\"Unstrutradweg bei Sch\u00f6nfeld\" loading=\"lazy\" aria-describedby=\"gallery-1-85\" src=\"data:image\/gif;base64,R0lGODlhAQABAAAAACH5BAEKAAEALAAAAAABAAEAAAICTAEAOw==\" style=\"--smush-placeholder-width: 600px; --smush-placeholder-aspect-ratio: 600\/450;\" \/><noscript><img width=\"600\" height=\"450\" src=\"https:\/\/www.blaues-band.de\/blog\/wp-content\/uploads\/2020\/04\/028-007-Sch\u00f6nfeld-600x450.jpg\" class=\"attachment-donovan-list-post size-donovan-list-post\" alt=\"Unstrutradweg bei Sch\u00f6nfeld\" loading=\"lazy\" aria-describedby=\"gallery-1-85\" \/><\/noscript><\/a>\n\t\t\t<\/div>\n\t\t\t\t<figcaption class='wp-caption-text gallery-caption' id='gallery-1-85'>\n\t\t\t\tUnstrutradweg in Sch\u00f6nfeld\n\t\t\t\t<\/figcaption><\/figure><figure class='gallery-item'>\n\t\t\t<div class='gallery-icon landscape'>\n\t\t\t\t<a href='https:\/\/www.blaues-band.de\/blog\/unstrutradweg-ostertour-2019\/029-008-artern\/'><img width=\"600\" height=\"450\" data-src=\"https:\/\/www.blaues-band.de\/blog\/wp-content\/uploads\/2020\/04\/029-008-Artern-600x450.jpg\" class=\"attachment-donovan-list-post size-donovan-list-post lazyload\" alt=\"Blick von der alten Eisenbahnbr\u00fccke bei Artern\" loading=\"lazy\" aria-describedby=\"gallery-1-86\" src=\"data:image\/gif;base64,R0lGODlhAQABAAAAACH5BAEKAAEALAAAAAABAAEAAAICTAEAOw==\" style=\"--smush-placeholder-width: 600px; --smush-placeholder-aspect-ratio: 600\/450;\" \/><noscript><img width=\"600\" height=\"450\" src=\"https:\/\/www.blaues-band.de\/blog\/wp-content\/uploads\/2020\/04\/029-008-Artern-600x450.jpg\" class=\"attachment-donovan-list-post size-donovan-list-post\" alt=\"Blick von der alten Eisenbahnbr\u00fccke bei Artern\" loading=\"lazy\" aria-describedby=\"gallery-1-86\" \/><\/noscript><\/a>\n\t\t\t<\/div>\n\t\t\t\t<figcaption class='wp-caption-text gallery-caption' id='gallery-1-86'>\n\t\t\t\tAlte Eisenbahnbr\u00fccke Artern\n\t\t\t\t<\/figcaption><\/figure><figure class='gallery-item'>\n\t\t\t<div class='gallery-icon landscape'>\n\t\t\t\t<a href='https:\/\/www.blaues-band.de\/blog\/unstrutradweg-ostertour-2019\/030-009-ritteburg\/'><img width=\"600\" height=\"450\" data-src=\"https:\/\/www.blaues-band.de\/blog\/wp-content\/uploads\/2020\/04\/030-009-Ritteburg-600x450.jpg\" class=\"attachment-donovan-list-post size-donovan-list-post lazyload\" alt=\"Unstrutblick bei Ritteburg\" loading=\"lazy\" aria-describedby=\"gallery-1-87\" src=\"data:image\/gif;base64,R0lGODlhAQABAAAAACH5BAEKAAEALAAAAAABAAEAAAICTAEAOw==\" style=\"--smush-placeholder-width: 600px; --smush-placeholder-aspect-ratio: 600\/450;\" \/><noscript><img width=\"600\" height=\"450\" src=\"https:\/\/www.blaues-band.de\/blog\/wp-content\/uploads\/2020\/04\/030-009-Ritteburg-600x450.jpg\" class=\"attachment-donovan-list-post size-donovan-list-post\" alt=\"Unstrutblick bei Ritteburg\" loading=\"lazy\" aria-describedby=\"gallery-1-87\" \/><\/noscript><\/a>\n\t\t\t<\/div>\n\t\t\t\t<figcaption class='wp-caption-text gallery-caption' id='gallery-1-87'>\n\t\t\t\tUnstrutblick Ritteburg\n\t\t\t\t<\/figcaption><\/figure><figure class='gallery-item'>\n\t\t\t<div class='gallery-icon landscape'>\n\t\t\t\t<a href='https:\/\/www.blaues-band.de\/blog\/unstrutradweg-ostertour-2019\/031-010-wendelstein\/'><img width=\"600\" height=\"450\" data-src=\"https:\/\/www.blaues-band.de\/blog\/wp-content\/uploads\/2020\/04\/031-010-Wendelstein-600x450.jpg\" class=\"attachment-donovan-list-post size-donovan-list-post lazyload\" alt=\"Burgruine Wendelstein\" loading=\"lazy\" aria-describedby=\"gallery-1-88\" src=\"data:image\/gif;base64,R0lGODlhAQABAAAAACH5BAEKAAEALAAAAAABAAEAAAICTAEAOw==\" style=\"--smush-placeholder-width: 600px; --smush-placeholder-aspect-ratio: 600\/450;\" \/><noscript><img width=\"600\" height=\"450\" src=\"https:\/\/www.blaues-band.de\/blog\/wp-content\/uploads\/2020\/04\/031-010-Wendelstein-600x450.jpg\" class=\"attachment-donovan-list-post size-donovan-list-post\" alt=\"Burgruine Wendelstein\" loading=\"lazy\" aria-describedby=\"gallery-1-88\" \/><\/noscript><\/a>\n\t\t\t<\/div>\n\t\t\t\t<figcaption class='wp-caption-text gallery-caption' id='gallery-1-88'>\n\t\t\t\tBurgruine Wendelstein\n\t\t\t\t<\/figcaption><\/figure><figure class='gallery-item'>\n\t\t\t<div class='gallery-icon landscape'>\n\t\t\t\t<a href='https:\/\/www.blaues-band.de\/blog\/unstrutradweg-ostertour-2019\/032-011-wendelstein\/'><img width=\"600\" height=\"450\" data-src=\"https:\/\/www.blaues-band.de\/blog\/wp-content\/uploads\/2020\/04\/032-011-Wendelstein-600x450.jpg\" class=\"attachment-donovan-list-post size-donovan-list-post lazyload\" alt=\"Blick auf die Unstrut am Wendelstein\" loading=\"lazy\" aria-describedby=\"gallery-1-89\" src=\"data:image\/gif;base64,R0lGODlhAQABAAAAACH5BAEKAAEALAAAAAABAAEAAAICTAEAOw==\" style=\"--smush-placeholder-width: 600px; --smush-placeholder-aspect-ratio: 600\/450;\" \/><noscript><img width=\"600\" height=\"450\" src=\"https:\/\/www.blaues-band.de\/blog\/wp-content\/uploads\/2020\/04\/032-011-Wendelstein-600x450.jpg\" class=\"attachment-donovan-list-post size-donovan-list-post\" alt=\"Blick auf die Unstrut am Wendelstein\" loading=\"lazy\" aria-describedby=\"gallery-1-89\" \/><\/noscript><\/a>\n\t\t\t<\/div>\n\t\t\t\t<figcaption class='wp-caption-text gallery-caption' id='gallery-1-89'>\n\t\t\t\tBlick auf die Unstrut am Wendelstein\n\t\t\t\t<\/figcaption><\/figure><figure class='gallery-item'>\n\t\t\t<div class='gallery-icon landscape'>\n\t\t\t\t<a href='https:\/\/www.blaues-band.de\/blog\/unstrutradweg-ostertour-2019\/033-012-wangen\/'><img width=\"600\" height=\"450\" data-src=\"https:\/\/www.blaues-band.de\/blog\/wp-content\/uploads\/2020\/04\/033-012-Wangen-600x450.jpg\" class=\"attachment-donovan-list-post size-donovan-list-post lazyload\" alt=\"Die roten Felsen von Wangen\" loading=\"lazy\" aria-describedby=\"gallery-1-90\" src=\"data:image\/gif;base64,R0lGODlhAQABAAAAACH5BAEKAAEALAAAAAABAAEAAAICTAEAOw==\" style=\"--smush-placeholder-width: 600px; --smush-placeholder-aspect-ratio: 600\/450;\" \/><noscript><img width=\"600\" height=\"450\" src=\"https:\/\/www.blaues-band.de\/blog\/wp-content\/uploads\/2020\/04\/033-012-Wangen-600x450.jpg\" class=\"attachment-donovan-list-post size-donovan-list-post\" alt=\"Die roten Felsen von Wangen\" loading=\"lazy\" aria-describedby=\"gallery-1-90\" \/><\/noscript><\/a>\n\t\t\t<\/div>\n\t\t\t\t<figcaption class='wp-caption-text gallery-caption' id='gallery-1-90'>\n\t\t\t\trote Felsen von Wangen\n\t\t\t\t<\/figcaption><\/figure><figure class='gallery-item'>\n\t\t\t<div class='gallery-icon landscape'>\n\t\t\t\t<a href='https:\/\/www.blaues-band.de\/blog\/unstrutradweg-ostertour-2019\/034-013-arche-nebra\/'><img width=\"600\" height=\"450\" data-src=\"https:\/\/www.blaues-band.de\/blog\/wp-content\/uploads\/2020\/04\/034-013-Arche-Nebra-600x450.jpg\" class=\"attachment-donovan-list-post size-donovan-list-post lazyload\" alt=\"Blick zur Arche Nebra Wangen\" loading=\"lazy\" aria-describedby=\"gallery-1-91\" src=\"data:image\/gif;base64,R0lGODlhAQABAAAAACH5BAEKAAEALAAAAAABAAEAAAICTAEAOw==\" style=\"--smush-placeholder-width: 600px; --smush-placeholder-aspect-ratio: 600\/450;\" \/><noscript><img width=\"600\" height=\"450\" src=\"https:\/\/www.blaues-band.de\/blog\/wp-content\/uploads\/2020\/04\/034-013-Arche-Nebra-600x450.jpg\" class=\"attachment-donovan-list-post size-donovan-list-post\" alt=\"Blick zur Arche Nebra Wangen\" loading=\"lazy\" aria-describedby=\"gallery-1-91\" \/><\/noscript><\/a>\n\t\t\t<\/div>\n\t\t\t\t<figcaption class='wp-caption-text gallery-caption' id='gallery-1-91'>\n\t\t\t\tArche Nebra\n\t\t\t\t<\/figcaption><\/figure><figure class='gallery-item'>\n\t\t\t<div class='gallery-icon landscape'>\n\t\t\t\t<a href='https:\/\/www.blaues-band.de\/blog\/unstrutradweg-ostertour-2019\/035-014-nebra\/'><img width=\"600\" height=\"450\" data-src=\"https:\/\/www.blaues-band.de\/blog\/wp-content\/uploads\/2020\/04\/035-014-Nebra-600x450.jpg\" class=\"attachment-donovan-list-post size-donovan-list-post lazyload\" alt=\"Rastst\u00e4tte Sommerfriche Nebra\" loading=\"lazy\" aria-describedby=\"gallery-1-92\" src=\"data:image\/gif;base64,R0lGODlhAQABAAAAACH5BAEKAAEALAAAAAABAAEAAAICTAEAOw==\" style=\"--smush-placeholder-width: 600px; --smush-placeholder-aspect-ratio: 600\/450;\" \/><noscript><img width=\"600\" height=\"450\" src=\"https:\/\/www.blaues-band.de\/blog\/wp-content\/uploads\/2020\/04\/035-014-Nebra-600x450.jpg\" class=\"attachment-donovan-list-post size-donovan-list-post\" alt=\"Rastst\u00e4tte Sommerfriche Nebra\" loading=\"lazy\" aria-describedby=\"gallery-1-92\" \/><\/noscript><\/a>\n\t\t\t<\/div>\n\t\t\t\t<figcaption class='wp-caption-text gallery-caption' id='gallery-1-92'>\n\t\t\t\tSommerfrische Nebra\n\t\t\t\t<\/figcaption><\/figure><figure class='gallery-item'>\n\t\t\t<div class='gallery-icon landscape'>\n\t\t\t\t<a href='https:\/\/www.blaues-band.de\/blog\/unstrutradweg-ostertour-2019\/036-015-nebra\/'><img width=\"600\" height=\"450\" data-src=\"https:\/\/www.blaues-band.de\/blog\/wp-content\/uploads\/2020\/04\/036-015-Nebra-600x450.jpg\" class=\"attachment-donovan-list-post size-donovan-list-post lazyload\" alt=\"Kleinkunst in Nebra\" loading=\"lazy\" aria-describedby=\"gallery-1-93\" src=\"data:image\/gif;base64,R0lGODlhAQABAAAAACH5BAEKAAEALAAAAAABAAEAAAICTAEAOw==\" style=\"--smush-placeholder-width: 600px; --smush-placeholder-aspect-ratio: 600\/450;\" \/><noscript><img width=\"600\" height=\"450\" src=\"https:\/\/www.blaues-band.de\/blog\/wp-content\/uploads\/2020\/04\/036-015-Nebra-600x450.jpg\" class=\"attachment-donovan-list-post size-donovan-list-post\" alt=\"Kleinkunst in Nebra\" loading=\"lazy\" aria-describedby=\"gallery-1-93\" \/><\/noscript><\/a>\n\t\t\t<\/div>\n\t\t\t\t<figcaption class='wp-caption-text gallery-caption' id='gallery-1-93'>\n\t\t\t\tKleinkunst in Nebra\n\t\t\t\t<\/figcaption><\/figure><figure class='gallery-item'>\n\t\t\t<div class='gallery-icon landscape'>\n\t\t\t\t<a href='https:\/\/www.blaues-band.de\/blog\/unstrutradweg-ostertour-2019\/037-016-karsdorf\/'><img width=\"600\" height=\"450\" data-src=\"https:\/\/www.blaues-band.de\/blog\/wp-content\/uploads\/2020\/04\/037-016-Karsdorf-600x450.jpg\" class=\"attachment-donovan-list-post size-donovan-list-post lazyload\" alt=\"Karsdorf\" loading=\"lazy\" aria-describedby=\"gallery-1-94\" src=\"data:image\/gif;base64,R0lGODlhAQABAAAAACH5BAEKAAEALAAAAAABAAEAAAICTAEAOw==\" style=\"--smush-placeholder-width: 600px; --smush-placeholder-aspect-ratio: 600\/450;\" \/><noscript><img width=\"600\" height=\"450\" src=\"https:\/\/www.blaues-band.de\/blog\/wp-content\/uploads\/2020\/04\/037-016-Karsdorf-600x450.jpg\" class=\"attachment-donovan-list-post size-donovan-list-post\" alt=\"Karsdorf\" loading=\"lazy\" aria-describedby=\"gallery-1-94\" \/><\/noscript><\/a>\n\t\t\t<\/div>\n\t\t\t\t<figcaption class='wp-caption-text gallery-caption' id='gallery-1-94'>\n\t\t\t\tKarsdorf\n\t\t\t\t<\/figcaption><\/figure><figure class='gallery-item'>\n\t\t\t<div class='gallery-icon landscape'>\n\t\t\t\t<a href='https:\/\/www.blaues-band.de\/blog\/unstrutradweg-ostertour-2019\/038-017-glockenseck\/'><img width=\"600\" height=\"450\" data-src=\"https:\/\/www.blaues-band.de\/blog\/wp-content\/uploads\/2020\/04\/038-017-Glockenseck-600x450.jpg\" class=\"attachment-donovan-list-post size-donovan-list-post lazyload\" alt=\"Das Glockenseck bei Laucha\" loading=\"lazy\" aria-describedby=\"gallery-1-95\" src=\"data:image\/gif;base64,R0lGODlhAQABAAAAACH5BAEKAAEALAAAAAABAAEAAAICTAEAOw==\" style=\"--smush-placeholder-width: 600px; --smush-placeholder-aspect-ratio: 600\/450;\" \/><noscript><img width=\"600\" height=\"450\" src=\"https:\/\/www.blaues-band.de\/blog\/wp-content\/uploads\/2020\/04\/038-017-Glockenseck-600x450.jpg\" class=\"attachment-donovan-list-post size-donovan-list-post\" alt=\"Das Glockenseck bei Laucha\" loading=\"lazy\" aria-describedby=\"gallery-1-95\" \/><\/noscript><\/a>\n\t\t\t<\/div>\n\t\t\t\t<figcaption class='wp-caption-text gallery-caption' id='gallery-1-95'>\n\t\t\t\tGlockenseck bei Laucha\n\t\t\t\t<\/figcaption><\/figure><figure class='gallery-item'>\n\t\t\t<div class='gallery-icon landscape'>\n\t\t\t\t<a href='https:\/\/www.blaues-band.de\/blog\/unstrutradweg-ostertour-2019\/039-018-laucha\/'><img width=\"600\" height=\"450\" data-src=\"https:\/\/www.blaues-band.de\/blog\/wp-content\/uploads\/2020\/04\/039-018-Laucha-600x450.jpg\" class=\"attachment-donovan-list-post size-donovan-list-post lazyload\" alt=\"Schifferklause Laucha\" loading=\"lazy\" aria-describedby=\"gallery-1-96\" src=\"data:image\/gif;base64,R0lGODlhAQABAAAAACH5BAEKAAEALAAAAAABAAEAAAICTAEAOw==\" style=\"--smush-placeholder-width: 600px; --smush-placeholder-aspect-ratio: 600\/450;\" \/><noscript><img width=\"600\" height=\"450\" src=\"https:\/\/www.blaues-band.de\/blog\/wp-content\/uploads\/2020\/04\/039-018-Laucha-600x450.jpg\" class=\"attachment-donovan-list-post size-donovan-list-post\" alt=\"Schifferklause Laucha\" loading=\"lazy\" aria-describedby=\"gallery-1-96\" \/><\/noscript><\/a>\n\t\t\t<\/div>\n\t\t\t\t<figcaption class='wp-caption-text gallery-caption' id='gallery-1-96'>\n\t\t\t\tSchifferklause Laucha\n\t\t\t\t<\/figcaption><\/figure><figure class='gallery-item'>\n\t\t\t<div class='gallery-icon landscape'>\n\t\t\t\t<a href='https:\/\/www.blaues-band.de\/blog\/unstrutradweg-ostertour-2019\/040-019-weischuetz\/'><img width=\"600\" height=\"450\" data-src=\"https:\/\/www.blaues-band.de\/blog\/wp-content\/uploads\/2020\/04\/040-019-Weisch\u00fctz-600x450.jpg\" class=\"attachment-donovan-list-post size-donovan-list-post lazyload\" alt=\"Rastplatz in Weisch\u00fctz\" loading=\"lazy\" aria-describedby=\"gallery-1-97\" src=\"data:image\/gif;base64,R0lGODlhAQABAAAAACH5BAEKAAEALAAAAAABAAEAAAICTAEAOw==\" style=\"--smush-placeholder-width: 600px; --smush-placeholder-aspect-ratio: 600\/450;\" \/><noscript><img width=\"600\" height=\"450\" src=\"https:\/\/www.blaues-band.de\/blog\/wp-content\/uploads\/2020\/04\/040-019-Weisch\u00fctz-600x450.jpg\" class=\"attachment-donovan-list-post size-donovan-list-post\" alt=\"Rastplatz in Weisch\u00fctz\" loading=\"lazy\" aria-describedby=\"gallery-1-97\" \/><\/noscript><\/a>\n\t\t\t<\/div>\n\t\t\t\t<figcaption class='wp-caption-text gallery-caption' id='gallery-1-97'>\n\t\t\t\tRastplatz Weisch\u00fctz\n\t\t\t\t<\/figcaption><\/figure><figure class='gallery-item'>\n\t\t\t<div class='gallery-icon landscape'>\n\t\t\t\t<a href='https:\/\/www.blaues-band.de\/blog\/unstrutradweg-ostertour-2019\/041-020-zeddenbach\/'><img width=\"600\" height=\"450\" data-src=\"https:\/\/www.blaues-band.de\/blog\/wp-content\/uploads\/2020\/04\/041-020-Zeddenbach-600x450.jpg\" class=\"attachment-donovan-list-post size-donovan-list-post lazyload\" alt=\"Zeddenbach mit Schleuse und Blick nach Zscheiplitz\" loading=\"lazy\" aria-describedby=\"gallery-1-98\" src=\"data:image\/gif;base64,R0lGODlhAQABAAAAACH5BAEKAAEALAAAAAABAAEAAAICTAEAOw==\" style=\"--smush-placeholder-width: 600px; --smush-placeholder-aspect-ratio: 600\/450;\" \/><noscript><img width=\"600\" height=\"450\" src=\"https:\/\/www.blaues-band.de\/blog\/wp-content\/uploads\/2020\/04\/041-020-Zeddenbach-600x450.jpg\" class=\"attachment-donovan-list-post size-donovan-list-post\" alt=\"Zeddenbach mit Schleuse und Blick nach Zscheiplitz\" loading=\"lazy\" aria-describedby=\"gallery-1-98\" \/><\/noscript><\/a>\n\t\t\t<\/div>\n\t\t\t\t<figcaption class='wp-caption-text gallery-caption' id='gallery-1-98'>\n\t\t\t\tZeddenbach mit Blick nach Zscheiplitz\n\t\t\t\t<\/figcaption><\/figure><figure class='gallery-item'>\n\t\t\t<div class='gallery-icon landscape'>\n\t\t\t\t<a href='https:\/\/www.blaues-band.de\/blog\/unstrutradweg-ostertour-2019\/042-021-freyburg\/'><img width=\"600\" height=\"450\" data-src=\"https:\/\/www.blaues-band.de\/blog\/wp-content\/uploads\/2020\/04\/042-021-Freyburg-600x450.jpg\" class=\"attachment-donovan-list-post size-donovan-list-post lazyload\" alt=\"Burgm\u00fchle in Freyburg\" loading=\"lazy\" aria-describedby=\"gallery-1-99\" src=\"data:image\/gif;base64,R0lGODlhAQABAAAAACH5BAEKAAEALAAAAAABAAEAAAICTAEAOw==\" style=\"--smush-placeholder-width: 600px; --smush-placeholder-aspect-ratio: 600\/450;\" \/><noscript><img width=\"600\" height=\"450\" src=\"https:\/\/www.blaues-band.de\/blog\/wp-content\/uploads\/2020\/04\/042-021-Freyburg-600x450.jpg\" class=\"attachment-donovan-list-post size-donovan-list-post\" alt=\"Burgm\u00fchle in Freyburg\" loading=\"lazy\" aria-describedby=\"gallery-1-99\" \/><\/noscript><\/a>\n\t\t\t<\/div>\n\t\t\t\t<figcaption class='wp-caption-text gallery-caption' id='gallery-1-99'>\n\t\t\t\tBurgm\u00fchle Freyburg\n\t\t\t\t<\/figcaption><\/figure><figure class='gallery-item'>\n\t\t\t<div class='gallery-icon landscape'>\n\t\t\t\t<a href='https:\/\/www.blaues-band.de\/blog\/unstrutradweg-ostertour-2019\/043-022-steinernes-bilderbuch\/'><img width=\"600\" height=\"450\" data-src=\"https:\/\/www.blaues-band.de\/blog\/wp-content\/uploads\/2020\/04\/043-022-Steinernes-Bilderbuch-600x450.jpg\" class=\"attachment-donovan-list-post size-donovan-list-post lazyload\" alt=\"Steinernes Bilderbuch\" loading=\"lazy\" aria-describedby=\"gallery-1-100\" src=\"data:image\/gif;base64,R0lGODlhAQABAAAAACH5BAEKAAEALAAAAAABAAEAAAICTAEAOw==\" style=\"--smush-placeholder-width: 600px; --smush-placeholder-aspect-ratio: 600\/450;\" \/><noscript><img width=\"600\" height=\"450\" src=\"https:\/\/www.blaues-band.de\/blog\/wp-content\/uploads\/2020\/04\/043-022-Steinernes-Bilderbuch-600x450.jpg\" class=\"attachment-donovan-list-post size-donovan-list-post\" alt=\"Steinernes Bilderbuch\" loading=\"lazy\" aria-describedby=\"gallery-1-100\" \/><\/noscript><\/a>\n\t\t\t<\/div>\n\t\t\t\t<figcaption class='wp-caption-text gallery-caption' id='gallery-1-100'>\n\t\t\t\tSteinernes Bilderbuch\n\t\t\t\t<\/figcaption><\/figure><figure class='gallery-item'>\n\t\t\t<div class='gallery-icon landscape'>\n\t\t\t\t<a href='https:\/\/www.blaues-band.de\/blog\/unstrutradweg-ostertour-2019\/044-023-henner\/'><img width=\"600\" height=\"450\" data-src=\"https:\/\/www.blaues-band.de\/blog\/wp-content\/uploads\/2020\/04\/044-023-Henner-600x450.jpg\" class=\"attachment-donovan-list-post size-donovan-list-post lazyload\" alt=\"Blick von der Hennebr\u00fccke auf die Saale bei Sonnenuntergang, dem Ende des Unstrutradweges\" loading=\"lazy\" aria-describedby=\"gallery-1-101\" src=\"data:image\/gif;base64,R0lGODlhAQABAAAAACH5BAEKAAEALAAAAAABAAEAAAICTAEAOw==\" style=\"--smush-placeholder-width: 600px; --smush-placeholder-aspect-ratio: 600\/450;\" \/><noscript><img width=\"600\" height=\"450\" src=\"https:\/\/www.blaues-band.de\/blog\/wp-content\/uploads\/2020\/04\/044-023-Henner-600x450.jpg\" class=\"attachment-donovan-list-post size-donovan-list-post\" alt=\"Blick von der Hennebr\u00fccke auf die Saale bei Sonnenuntergang, dem Ende des Unstrutradweges\" loading=\"lazy\" aria-describedby=\"gallery-1-101\" \/><\/noscript><\/a>\n\t\t\t<\/div>\n\t\t\t\t<figcaption class='wp-caption-text gallery-caption' id='gallery-1-101'>\n\t\t\t\tHennebr\u00fccke Ende des Unstrutradweges\n\t\t\t\t<\/figcaption><\/figure>\n\t\t<\/div>\n\n","protected":false},"excerpt":{"rendered":"<p>Ostern ist traditionell der Start unserer Saison auf dem Unstrutradweg. Da wir dieses Jahr zu Hause bleiben m\u00fcssen, haben wir die Bilder vom letzten Jahr 2019 herausgesucht und m\u00f6chten sie mit Euch teilen.\u00a0<\/p>\n","protected":false},"author":1,"featured_media":60,"comment_status":"closed","ping_status":"open","sticky":false,"template":"","format":"standard","meta":[],"categories":[3],"tags":[13,42,10,11],"yoast_head":"<!-- This site is optimized with the Yoast SEO plugin v20.6 - https:\/\/yoast.com\/wordpress\/plugins\/seo\/ -->\n<title>Unstrutradweg Ostertour 2019 - Blaues Band<\/title>\n<meta name=\"description\" content=\"Ostern ist traditionell der Start unserer Saison auf dem Unstrutradweg. Da wir dieses Jahr zu Hause bleiben m\u00fcssen, haben wir die Bilder aus 2019 herausgesucht.\" \/>\n<meta name=\"robots\" content=\"index, follow, max-snippet:-1, max-image-preview:large, max-video-preview:-1\" \/>\n<link rel=\"canonical\" href=\"https:\/\/www.blaues-band.de\/blog\/unstrutradweg-ostertour-2019\/\" \/>\n<meta property=\"og:locale\" content=\"de_DE\" \/>\n<meta property=\"og:type\" content=\"article\" \/>\n<meta property=\"og:title\" content=\"Unstrutradweg Ostertour 2019 - Blaues Band\" \/>\n<meta property=\"og:description\" content=\"Ostern ist traditionell der Start unserer Saison auf dem Unstrutradweg. Da wir dieses Jahr zu Hause bleiben m\u00fcssen, haben wir die Bilder aus 2019 herausgesucht.\" \/>\n<meta property=\"og:url\" content=\"https:\/\/www.blaues-band.de\/blog\/unstrutradweg-ostertour-2019\/\" \/>\n<meta property=\"og:site_name\" content=\"Blaues Band\" \/>\n<meta property=\"article:publisher\" content=\"https:\/\/www.facebook.com\/BlauesBand\" \/>\n<meta property=\"article:published_time\" content=\"2020-04-13T16:01:58+00:00\" \/>\n<meta property=\"article:modified_time\" content=\"2020-04-13T16:09:59+00:00\" \/>\n<meta property=\"og:image\" content=\"https:\/\/www.blaues-band.de\/blog\/wp-content\/uploads\/2020\/04\/001-Quelle-scaled.jpg\" \/>\n\t<meta property=\"og:image:width\" content=\"2560\" \/>\n\t<meta property=\"og:image:height\" content=\"1442\" \/>\n\t<meta property=\"og:image:type\" content=\"image\/jpeg\" \/>\n<meta name=\"author\" content=\"BBOlliAdmin\" \/>\n<meta name=\"twitter:card\" content=\"summary_large_image\" \/>\n<meta name=\"twitter:creator\" content=\"@blaues_band\" \/>\n<meta name=\"twitter:site\" content=\"@blaues_band\" \/>\n<meta name=\"twitter:label1\" content=\"Verfasst von\" \/>\n\t<meta name=\"twitter:data1\" content=\"BBOlliAdmin\" \/>\n<script type=\"application\/ld+json\" class=\"yoast-schema-graph\">{\"@context\":\"https:\/\/schema.org\",\"@graph\":[{\"@type\":\"Article\",\"@id\":\"https:\/\/www.blaues-band.de\/blog\/unstrutradweg-ostertour-2019\/#article\",\"isPartOf\":{\"@id\":\"https:\/\/www.blaues-band.de\/blog\/unstrutradweg-ostertour-2019\/\"},\"author\":{\"name\":\"BBOlliAdmin\",\"@id\":\"https:\/\/www.blaues-band.de\/blog\/#\/schema\/person\/819f103ef524c4ae43af25585694f03f\"},\"headline\":\"Unstrutradweg Ostertour 2019\",\"datePublished\":\"2020-04-13T16:01:58+00:00\",\"dateModified\":\"2020-04-13T16:09:59+00:00\",\"mainEntityOfPage\":{\"@id\":\"https:\/\/www.blaues-band.de\/blog\/unstrutradweg-ostertour-2019\/\"},\"wordCount\":80,\"publisher\":{\"@id\":\"https:\/\/www.blaues-band.de\/blog\/#organization\"},\"keywords\":[\"Ostern\",\"Radwandern\",\"Unstrut\",\"Unstrutradweg\"],\"articleSection\":[\"Radtourismus\"],\"inLanguage\":\"de\"},{\"@type\":\"WebPage\",\"@id\":\"https:\/\/www.blaues-band.de\/blog\/unstrutradweg-ostertour-2019\/\",\"url\":\"https:\/\/www.blaues-band.de\/blog\/unstrutradweg-ostertour-2019\/\",\"name\":\"Unstrutradweg Ostertour 2019 - Blaues Band\",\"isPartOf\":{\"@id\":\"https:\/\/www.blaues-band.de\/blog\/#website\"},\"datePublished\":\"2020-04-13T16:01:58+00:00\",\"dateModified\":\"2020-04-13T16:09:59+00:00\",\"description\":\"Ostern ist traditionell der Start unserer Saison auf dem Unstrutradweg. Da wir dieses Jahr zu Hause bleiben m\u00fcssen, haben wir die Bilder aus 2019 herausgesucht.\",\"breadcrumb\":{\"@id\":\"https:\/\/www.blaues-band.de\/blog\/unstrutradweg-ostertour-2019\/#breadcrumb\"},\"inLanguage\":\"de\",\"potentialAction\":[{\"@type\":\"ReadAction\",\"target\":[\"https:\/\/www.blaues-band.de\/blog\/unstrutradweg-ostertour-2019\/\"]}]},{\"@type\":\"BreadcrumbList\",\"@id\":\"https:\/\/www.blaues-band.de\/blog\/unstrutradweg-ostertour-2019\/#breadcrumb\",\"itemListElement\":[{\"@type\":\"ListItem\",\"position\":1,\"name\":\"Startseite\",\"item\":\"https:\/\/www.blaues-band.de\/blog\/\"},{\"@type\":\"ListItem\",\"position\":2,\"name\":\"Unstrutradweg Ostertour 2019\"}]},{\"@type\":\"WebSite\",\"@id\":\"https:\/\/www.blaues-band.de\/blog\/#website\",\"url\":\"https:\/\/www.blaues-band.de\/blog\/\",\"name\":\"Blaues Band\",\"description\":\"Nachrichten\",\"publisher\":{\"@id\":\"https:\/\/www.blaues-band.de\/blog\/#organization\"},\"potentialAction\":[{\"@type\":\"SearchAction\",\"target\":{\"@type\":\"EntryPoint\",\"urlTemplate\":\"https:\/\/www.blaues-band.de\/blog\/?s={search_term_string}\"},\"query-input\":\"required name=search_term_string\"}],\"inLanguage\":\"de\"},{\"@type\":\"Organization\",\"@id\":\"https:\/\/www.blaues-band.de\/blog\/#organization\",\"name\":\"Blaues Band\",\"url\":\"https:\/\/www.blaues-band.de\/blog\/\",\"logo\":{\"@type\":\"ImageObject\",\"inLanguage\":\"de\",\"@id\":\"https:\/\/www.blaues-band.de\/blog\/#\/schema\/logo\/image\/\",\"url\":\"https:\/\/www.blaues-band.de\/blog\/wp-content\/uploads\/2020\/04\/favicon.ico\",\"contentUrl\":\"https:\/\/www.blaues-band.de\/blog\/wp-content\/uploads\/2020\/04\/favicon.ico\",\"width\":107,\"height\":105,\"caption\":\"Blaues Band\"},\"image\":{\"@id\":\"https:\/\/www.blaues-band.de\/blog\/#\/schema\/logo\/image\/\"},\"sameAs\":[\"https:\/\/www.facebook.com\/BlauesBand\",\"https:\/\/twitter.com\/blaues_band\",\"https:\/\/www.instagram.com\/blaues_band\/\"]},{\"@type\":\"Person\",\"@id\":\"https:\/\/www.blaues-band.de\/blog\/#\/schema\/person\/819f103ef524c4ae43af25585694f03f\",\"name\":\"BBOlliAdmin\",\"sameAs\":[\"http:\/\/www.blaues-band.de\/blog\"]}]}<\/script>\n<!-- \/ Yoast SEO plugin. -->","yoast_head_json":{"title":"Unstrutradweg Ostertour 2019 - Blaues Band","description":"Ostern ist traditionell der Start unserer Saison auf dem Unstrutradweg. Da wir dieses Jahr zu Hause bleiben m\u00fcssen, haben wir die Bilder aus 2019 herausgesucht.","robots":{"index":"index","follow":"follow","max-snippet":"max-snippet:-1","max-image-preview":"max-image-preview:large","max-video-preview":"max-video-preview:-1"},"canonical":"https:\/\/www.blaues-band.de\/blog\/unstrutradweg-ostertour-2019\/","og_locale":"de_DE","og_type":"article","og_title":"Unstrutradweg Ostertour 2019 - Blaues Band","og_description":"Ostern ist traditionell der Start unserer Saison auf dem Unstrutradweg. Da wir dieses Jahr zu Hause bleiben m\u00fcssen, haben wir die Bilder aus 2019 herausgesucht.","og_url":"https:\/\/www.blaues-band.de\/blog\/unstrutradweg-ostertour-2019\/","og_site_name":"Blaues Band","article_publisher":"https:\/\/www.facebook.com\/BlauesBand","article_published_time":"2020-04-13T16:01:58+00:00","article_modified_time":"2020-04-13T16:09:59+00:00","og_image":[{"width":2560,"height":1442,"url":"https:\/\/www.blaues-band.de\/blog\/wp-content\/uploads\/2020\/04\/001-Quelle-scaled.jpg","type":"image\/jpeg"}],"author":"BBOlliAdmin","twitter_card":"summary_large_image","twitter_creator":"@blaues_band","twitter_site":"@blaues_band","twitter_misc":{"Verfasst von":"BBOlliAdmin"},"schema":{"@context":"https:\/\/schema.org","@graph":[{"@type":"Article","@id":"https:\/\/www.blaues-band.de\/blog\/unstrutradweg-ostertour-2019\/#article","isPartOf":{"@id":"https:\/\/www.blaues-band.de\/blog\/unstrutradweg-ostertour-2019\/"},"author":{"name":"BBOlliAdmin","@id":"https:\/\/www.blaues-band.de\/blog\/#\/schema\/person\/819f103ef524c4ae43af25585694f03f"},"headline":"Unstrutradweg Ostertour 2019","datePublished":"2020-04-13T16:01:58+00:00","dateModified":"2020-04-13T16:09:59+00:00","mainEntityOfPage":{"@id":"https:\/\/www.blaues-band.de\/blog\/unstrutradweg-ostertour-2019\/"},"wordCount":80,"publisher":{"@id":"https:\/\/www.blaues-band.de\/blog\/#organization"},"keywords":["Ostern","Radwandern","Unstrut","Unstrutradweg"],"articleSection":["Radtourismus"],"inLanguage":"de"},{"@type":"WebPage","@id":"https:\/\/www.blaues-band.de\/blog\/unstrutradweg-ostertour-2019\/","url":"https:\/\/www.blaues-band.de\/blog\/unstrutradweg-ostertour-2019\/","name":"Unstrutradweg Ostertour 2019 - Blaues Band","isPartOf":{"@id":"https:\/\/www.blaues-band.de\/blog\/#website"},"datePublished":"2020-04-13T16:01:58+00:00","dateModified":"2020-04-13T16:09:59+00:00","description":"Ostern ist traditionell der Start unserer Saison auf dem Unstrutradweg. Da wir dieses Jahr zu Hause bleiben m\u00fcssen, haben wir die Bilder aus 2019 herausgesucht.","breadcrumb":{"@id":"https:\/\/www.blaues-band.de\/blog\/unstrutradweg-ostertour-2019\/#breadcrumb"},"inLanguage":"de","potentialAction":[{"@type":"ReadAction","target":["https:\/\/www.blaues-band.de\/blog\/unstrutradweg-ostertour-2019\/"]}]},{"@type":"BreadcrumbList","@id":"https:\/\/www.blaues-band.de\/blog\/unstrutradweg-ostertour-2019\/#breadcrumb","itemListElement":[{"@type":"ListItem","position":1,"name":"Startseite","item":"https:\/\/www.blaues-band.de\/blog\/"},{"@type":"ListItem","position":2,"name":"Unstrutradweg Ostertour 2019"}]},{"@type":"WebSite","@id":"https:\/\/www.blaues-band.de\/blog\/#website","url":"https:\/\/www.blaues-band.de\/blog\/","name":"Blaues Band","description":"Nachrichten","publisher":{"@id":"https:\/\/www.blaues-band.de\/blog\/#organization"},"potentialAction":[{"@type":"SearchAction","target":{"@type":"EntryPoint","urlTemplate":"https:\/\/www.blaues-band.de\/blog\/?s={search_term_string}"},"query-input":"required name=search_term_string"}],"inLanguage":"de"},{"@type":"Organization","@id":"https:\/\/www.blaues-band.de\/blog\/#organization","name":"Blaues Band","url":"https:\/\/www.blaues-band.de\/blog\/","logo":{"@type":"ImageObject","inLanguage":"de","@id":"https:\/\/www.blaues-band.de\/blog\/#\/schema\/logo\/image\/","url":"https:\/\/www.blaues-band.de\/blog\/wp-content\/uploads\/2020\/04\/favicon.ico","contentUrl":"https:\/\/www.blaues-band.de\/blog\/wp-content\/uploads\/2020\/04\/favicon.ico","width":107,"height":105,"caption":"Blaues Band"},"image":{"@id":"https:\/\/www.blaues-band.de\/blog\/#\/schema\/logo\/image\/"},"sameAs":["https:\/\/www.facebook.com\/BlauesBand","https:\/\/twitter.com\/blaues_band","https:\/\/www.instagram.com\/blaues_band\/"]},{"@type":"Person","@id":"https:\/\/www.blaues-band.de\/blog\/#\/schema\/person\/819f103ef524c4ae43af25585694f03f","name":"BBOlliAdmin","sameAs":["http:\/\/www.blaues-band.de\/blog"]}]}},"_links":{"self":[{"href":"https:\/\/www.blaues-band.de\/blog\/wp-json\/wp\/v2\/posts\/59"}],"collection":[{"href":"https:\/\/www.blaues-band.de\/blog\/wp-json\/wp\/v2\/posts"}],"about":[{"href":"https:\/\/www.blaues-band.de\/blog\/wp-json\/wp\/v2\/types\/post"}],"author":[{"embeddable":true,"href":"https:\/\/www.blaues-band.de\/blog\/wp-json\/wp\/v2\/users\/1"}],"replies":[{"embeddable":true,"href":"https:\/\/www.blaues-band.de\/blog\/wp-json\/wp\/v2\/comments?post=59"}],"version-history":[{"count":4,"href":"https:\/\/www.blaues-band.de\/blog\/wp-json\/wp\/v2\/posts\/59\/revisions"}],"predecessor-version":[{"id":106,"href":"https:\/\/www.blaues-band.de\/blog\/wp-json\/wp\/v2\/posts\/59\/revisions\/106"}],"wp:featuredmedia":[{"embeddable":true,"href":"https:\/\/www.blaues-band.de\/blog\/wp-json\/wp\/v2\/media\/60"}],"wp:attachment":[{"href":"https:\/\/www.blaues-band.de\/blog\/wp-json\/wp\/v2\/media?parent=59"}],"wp:term":[{"taxonomy":"category","embeddable":true,"href":"https:\/\/www.blaues-band.de\/blog\/wp-json\/wp\/v2\/categories?post=59"},{"taxonomy":"post_tag","embeddable":true,"href":"https:\/\/www.blaues-band.de\/blog\/wp-json\/wp\/v2\/tags?post=59"}],"curies":[{"name":"wp","href":"https:\/\/api.w.org\/{rel}","templated":true}]}}